{"id":19867,"date":"2022-03-22T00:00:41","date_gmt":"2022-03-21T22:00:41","guid":{"rendered":"https:\/\/comunicatur.info\/?p=19867"},"modified":"2022-03-21T15:50:30","modified_gmt":"2022-03-21T13:50:30","slug":"preparado-el-salon-b-travel-que-ha-de-ser-el-punto-de-partida-de-la-normalizacion-turistica","status":"publish","type":"post","link":"https:\/\/www.comunicatur.info\/es\/preparado-el-salon-b-travel-que-ha-de-ser-el-punto-de-partida-de-la-normalizacion-turistica\/","title":{"rendered":"Preparado el sal\u00f3n B-Travel que ha de ser el punto de partida de la normalizaci\u00f3n tur\u00edstica"},"content":{"rendered":"<p><strong>Del 1 al 3 de abril<\/strong>\u00a0vuelve el sal\u00f3n de Turismo B-Travel que<strong>\u00a0tendr\u00e1 lugar en el recinto de Montju\u00efc de Fira de Barcelona.\u00a0<\/strong>Esta edici\u00f3n se presenta como el sal\u00f3n del turismo de experiencias y se destaca la oferta centrada en el turismo seguro y sostenible. Y es que el principal objetivo del sal\u00f3n es contribuir decididamente a la normalizaci\u00f3n y reactivaci\u00f3n del sector.<!--more--><\/p>\n<p>Los organizadores se han esforzado para conseguir una importante presencia de los destinos que m\u00e1s aprecia el turista catal\u00e1n. No hay que olvidar que el acontecimiento est\u00e1 dirigido al p\u00fablico final.<\/p>\n<p>As\u00ed se calcula que habr\u00e1n\u00a0<strong>m\u00e1s de 200 expositores que representar\u00e1n a un millar de empresas.<\/strong>\u00a0La oferta de las comunidades aut\u00f3nomas ser\u00e1 la presencia m\u00e1s destacada, puesto que pr\u00e1cticamente estar\u00e1n todas. La oferta de Catalu\u00f1a, como ya es tradicional, ser\u00e1 bastante importante. A nivel internacional encontraremos principalmente algunos pa\u00edses de Europa, el norte de \u00c1frica y el Caribe. Por su parte, Renfe ser\u00e1 de nuevo el patrocinador principal y dar\u00e1 a conocer sus ofertas y promociones.<\/p>\n<p>A nivel global destacan las\u00a0<strong><em>smart destinations<\/em><\/strong>\u00a0o el\u00a0<strong><em>slow travel,\u00a0<\/em><\/strong>as\u00ed como los diferentes \u00e1mbitos donde se enmarcan las experiencias que pueden buscar los viajeros: B-Delicious (enogastronom\u00eda), B-Happy (viajes en familia, amigos y wellness), B-Culture (arte, historia y cultura), B-Special (compras, glamour, etc.), B-Adventure (deporte y aventura) y B-Industrial (rutas de zonas con amplio legado hist\u00f3rico e industria viva). Tambi\u00e9n habr\u00e1 el Cine Travel Forum, con proyecciones de pel\u00edculas del cine documental y debates.<\/p>\n<p><span style=\"font-size: 12pt;\"><strong>El turismo rural, protagonista<\/strong><\/span><\/p>\n<p>Una de las novedades importantes del sal\u00f3n de este a\u00f1o es la presentaci\u00f3n de los 10 destinos finalistas que optan a ser la Capital del Turismo Rural 2022 seg\u00fan\u00a0<a href=\"https:\/\/www.escapadarural.com\/\" target=\"_blank\" rel=\"noopener\"><strong>Escapada Rural<\/strong><\/a>, la plataforma digital especializada en este segmento. Los visitantes podr\u00e1n emitir su voto.<\/p>\n<p><strong>La presencia en el \u00e1rea profesional<\/strong>\u00a0estar\u00e1 muy representada por ACAVe Travel Market, donde las agencias de viajes ser\u00e1n protagonistas y tambi\u00e9n habr\u00e1 operadores de cruceros, hoteles, compa\u00f1\u00edas de transporte y empresas de servicios tur\u00edsticos. Hay que recordar que adem\u00e1s del sal\u00f3n presencial, el B-Travel se complementa con la plataforma de contenido digital que opera todo el a\u00f1o.<\/p>\n<p>M\u00e1s informaci\u00f3n en la\u00a0<a href=\"https:\/\/www.b-travel.com\/\" target=\"_blank\" rel=\"noopener\"><strong>web del sal\u00f3n B-Travel.<\/strong><\/a><br \/>\n<ins class='dcmads' style='display:inline-block;width:566px;height:70px'\n    data-dcm-placement='N1135133.4454598COMUNICATUR\/B27446624.331312628'\n    data-dcm-rendering-mode='script'\n    data-dcm-https-only\n    data-dcm-gdpr-applies='gdpr=${GDPR}'\n    data-dcm-gdpr-consent='gdpr_consent=${GDPR_CONSENT_755}'\n    data-dcm-addtl-consent='addtl_consent=${ADDTL_CONSENT}'\n    data-dcm-ltd='false'\n    data-dcm-resettable-device-id=''\n    data-dcm-app-id=''><br \/>\n  <script src='https:\/\/www.googletagservices.com\/dcm\/dcmads.js'><\/script><br \/>\n<\/ins><\/p>\n","protected":false},"excerpt":{"rendered":"<p>Del 1 al 3 de abril\u00a0vuelve el sal\u00f3n de Turismo B-Travel que\u00a0tendr\u00e1 lugar en el recinto de Montju\u00efc de Fira de Barcelona.\u00a0Esta edici\u00f3n se presenta como el sal\u00f3n del turismo de experiencias y se destaca la oferta centrada en el turismo seguro y sostenible. Y es que el principal objetivo del sal\u00f3n es contribuir decididamente &hellip;<\/p>\n","protected":false},"author":1,"featured_media":19964,"comment_status":"closed","ping_status":"open","sticky":false,"template":"","format":"standard","meta":[],"categories":[63],"tags":[],"_links":{"self":[{"href":"https:\/\/www.comunicatur.info\/es\/wp-json\/wp\/v2\/posts\/19867"}],"collection":[{"href":"https:\/\/www.comunicatur.info\/es\/wp-json\/wp\/v2\/posts"}],"about":[{"href":"https:\/\/www.comunicatur.info\/es\/wp-json\/wp\/v2\/types\/post"}],"author":[{"embeddable":true,"href":"https:\/\/www.comunicatur.info\/es\/wp-json\/wp\/v2\/users\/1"}],"replies":[{"embeddable":true,"href":"https:\/\/www.comunicatur.info\/es\/wp-json\/wp\/v2\/comments?post=19867"}],"version-history":[{"count":3,"href":"https:\/\/www.comunicatur.info\/es\/wp-json\/wp\/v2\/posts\/19867\/revisions"}],"predecessor-version":[{"id":19979,"href":"https:\/\/www.comunicatur.info\/es\/wp-json\/wp\/v2\/posts\/19867\/revisions\/19979"}],"wp:featuredmedia":[{"embeddable":true,"href":"https:\/\/www.comunicatur.info\/es\/wp-json\/wp\/v2\/media\/19964"}],"wp:attachment":[{"href":"https:\/\/www.comunicatur.info\/es\/wp-json\/wp\/v2\/media?parent=19867"}],"wp:term":[{"taxonomy":"category","embeddable":true,"href":"https:\/\/www.comunicatur.info\/es\/wp-json\/wp\/v2\/categories?post=19867"},{"taxonomy":"post_tag","embeddable":true,"href":"https:\/\/www.comunicatur.info\/es\/wp-json\/wp\/v2\/tags?post=19867"}],"curies":[{"name":"wp","href":"https:\/\/api.w.org\/{rel}","templated":true}]}}