{"id":19785,"date":"2022-02-23T00:00:40","date_gmt":"2022-02-22T22:00:40","guid":{"rendered":"https:\/\/comunicatur.info\/vila-seca-y-salou-se-disputan-los-ingresos-por-la-fiscalidad-del-hard-rock\/"},"modified":"2022-03-07T19:49:34","modified_gmt":"2022-03-07T17:49:34","slug":"vila-seca-y-salou-se-disputan-los-ingresos-por-la-fiscalidad-del-hard-rock","status":"publish","type":"post","link":"https:\/\/www.comunicatur.info\/es\/vila-seca-y-salou-se-disputan-los-ingresos-por-la-fiscalidad-del-hard-rock\/","title":{"rendered":"Vila-seca y Salou se disputan los ingresos por la fiscalidad del Hard Rock"},"content":{"rendered":"<p>A\u00fan est\u00e1 por ver si el proyecto de ocio y juego de Hard Rock se acaba materializando en la Costa Daurada pero los municipios de Salou y Vila-seca luchan por incrementar su cuota sobre los impuestos que deber\u00edan recaudar al complejo.<!--more--><\/p>\n<p><img class=\"alignright size-medium wp-image-17928\" src=\"http:\/\/www.comunicatur.info\/wp-content\/uploads\/2022\/02\/Plano_HardRock-300x225.png\" alt=\"\" width=\"300\" height=\"225\" \/>Todas las administraciones est\u00e1n de acuerdo en dar luz verde a la construcci\u00f3n del complejo para que pueda ser una realidad pese a los retrasos que acumula. Por eso, Generalitat de Catalunya, Ayuntamiento de Visa-seca y Ayuntamiento de Salou han aprobado por unanimidad un nuevo Plan Director Urban\u00edstico (PDU) de reordenaci\u00f3n del territorio donde debe implantarse despu\u00e9s de que la justicia anulase parcialmente por temas medioambientales el que se aprob\u00f3 en 2016. La aprobaci\u00f3n definitiva del nuevo PDU ser\u00e1 en el mes de julio y a partir de ah\u00ed Hard Rock podr\u00eda empezar las obras.<\/p>\n<p>Donde no est\u00e1n de acuerdo es en el reparto de los ingresos fiscales que va a generar este centro recreativo. Generalitat y Vila-seca han votado a favor de la nueva propuesta de redistribuci\u00f3n de los impuestos locales derivados de la actividad econ\u00f3mica de Hard Rock. La distribuci\u00f3n de los ingresos fiscales ser\u00e1 del 59,35% para el ayuntamiento de Salou y del 40, 65% para el de Vila-seca. Salou ha votado en contra y defiende que este reparto se acord\u00f3 en 2013 por todas las partes y ese acuerdo est\u00e1 vigente hasta 2032.<\/p>\n<p>La Generalitat est\u00e1 intentando aprobar esta actualizaci\u00f3n de la distribuci\u00f3n de los ingresos siguiendo la recomendaci\u00f3n de un informe jur\u00eddico al que el Ayuntamiento de Salou se opone frontalmente.<\/p>\n","protected":false},"excerpt":{"rendered":"<p>A\u00fan est\u00e1 por ver si el proyecto de ocio y juego de Hard Rock se acaba materializando en la Costa Daurada pero los municipios de Salou y Vila-seca luchan por incrementar su cuota sobre los impuestos que deber\u00edan recaudar al complejo. Todas las administraciones est\u00e1n de acuerdo en dar luz verde a la construcci\u00f3n del &hellip;<\/p>\n","protected":false},"author":1,"featured_media":19783,"comment_status":"closed","ping_status":"open","sticky":false,"template":"","format":"standard","meta":[],"categories":[62,61],"tags":[],"_links":{"self":[{"href":"https:\/\/www.comunicatur.info\/es\/wp-json\/wp\/v2\/posts\/19785"}],"collection":[{"href":"https:\/\/www.comunicatur.info\/es\/wp-json\/wp\/v2\/posts"}],"about":[{"href":"https:\/\/www.comunicatur.info\/es\/wp-json\/wp\/v2\/types\/post"}],"author":[{"embeddable":true,"href":"https:\/\/www.comunicatur.info\/es\/wp-json\/wp\/v2\/users\/1"}],"replies":[{"embeddable":true,"href":"https:\/\/www.comunicatur.info\/es\/wp-json\/wp\/v2\/comments?post=19785"}],"version-history":[{"count":1,"href":"https:\/\/www.comunicatur.info\/es\/wp-json\/wp\/v2\/posts\/19785\/revisions"}],"predecessor-version":[{"id":19786,"href":"https:\/\/www.comunicatur.info\/es\/wp-json\/wp\/v2\/posts\/19785\/revisions\/19786"}],"wp:featuredmedia":[{"embeddable":true,"href":"https:\/\/www.comunicatur.info\/es\/wp-json\/wp\/v2\/media\/19783"}],"wp:attachment":[{"href":"https:\/\/www.comunicatur.info\/es\/wp-json\/wp\/v2\/media?parent=19785"}],"wp:term":[{"taxonomy":"category","embeddable":true,"href":"https:\/\/www.comunicatur.info\/es\/wp-json\/wp\/v2\/categories?post=19785"},{"taxonomy":"post_tag","embeddable":true,"href":"https:\/\/www.comunicatur.info\/es\/wp-json\/wp\/v2\/tags?post=19785"}],"curies":[{"name":"wp","href":"https:\/\/api.w.org\/{rel}","templated":true}]}}