{"id":19775,"date":"2022-02-22T00:00:56","date_gmt":"2022-02-21T22:00:56","guid":{"rendered":"https:\/\/comunicatur.info\/?p=19775"},"modified":"2022-03-07T19:44:49","modified_gmt":"2022-03-07T17:44:49","slug":"el-sector-de-les-agencies-tindra-un-erto-especific","status":"publish","type":"post","link":"https:\/\/www.comunicatur.info\/es\/el-sector-de-les-agencies-tindra-un-erto-especific\/","title":{"rendered":"El sector de las agencias tendr\u00e1 un ERTE espec\u00edfico"},"content":{"rendered":"<p>La nueva reforma laboral permite a las agencias de viajes acogerse a un Expediente de Regulaci\u00f3n Temporal de Empleo (ERTE) sectorial. Este nuevo instrumento denominado Mecanismo RED, contemplado en la reciente reforma laboral aprobada en el Congreso, lo han estado solicitando los representantes empresariales.<!--more--><\/p>\n<p><img class=\"alignright size-medium wp-image-17636\" src=\"http:\/\/www.comunicatur.info\/wp-content\/uploads\/2021\/12\/agencia_viatges_Halcon-225x300.jpg\" alt=\"\" width=\"225\" height=\"300\" srcset=\"https:\/\/www.comunicatur.info\/wp-content\/uploads\/2021\/12\/agencia_viatges_Halcon-225x300.jpg 225w, https:\/\/www.comunicatur.info\/wp-content\/uploads\/2021\/12\/agencia_viatges_Halcon-768x1024.jpg 768w, https:\/\/www.comunicatur.info\/wp-content\/uploads\/2021\/12\/agencia_viatges_Halcon-600x800.jpg 600w, https:\/\/www.comunicatur.info\/wp-content\/uploads\/2021\/12\/agencia_viatges_Halcon.jpg 1059w\" sizes=\"(max-width: 225px) 100vw, 225px\" \/>El ministro de Seguridad Social, Jos\u00e9 Luis Escriv\u00e1, ha anunciado su activaci\u00f3n para las empresas con una actividad restringida. Los expedientes de regulaci\u00f3n aprobados espec\u00edficamente para la pandemia estaban a punto de finalizar su vigencia.<\/p>\n<p>Las patronales de las agencias de viaje consideran que el sector no est\u00e1 en disposici\u00f3n de reanudar su actividad con normalidad. El empleo en el sector tur\u00edstico ha ido recuper\u00e1ndose progresivamente excepto en las agencias de viajes que contin\u00faa bajando.<\/p>\n<p>El nuevo ERTE sectorial puede tener una duraci\u00f3n de hasta un a\u00f1o. Establece exoneraciones en las cotizaciones a la Seguridad Social de m\u00ednimo un 40% y permite a los trabajadores percibir el 70% de la base reguladora sin periodo de carencia ni consumo de prestaciones.<\/p>\n","protected":false},"excerpt":{"rendered":"<p>La nueva reforma laboral permite a las agencias de viajes acogerse a un Expediente de Regulaci\u00f3n Temporal de Empleo (ERTE) sectorial. Este nuevo instrumento denominado Mecanismo RED, contemplado en la reciente reforma laboral aprobada en el Congreso, lo han estado solicitando los representantes empresariales. El ministro de Seguridad Social, Jos\u00e9 Luis Escriv\u00e1, ha anunciado su &hellip;<\/p>\n","protected":false},"author":1,"featured_media":19776,"comment_status":"closed","ping_status":"open","sticky":false,"template":"","format":"standard","meta":[],"categories":[66],"tags":[],"_links":{"self":[{"href":"https:\/\/www.comunicatur.info\/es\/wp-json\/wp\/v2\/posts\/19775"}],"collection":[{"href":"https:\/\/www.comunicatur.info\/es\/wp-json\/wp\/v2\/posts"}],"about":[{"href":"https:\/\/www.comunicatur.info\/es\/wp-json\/wp\/v2\/types\/post"}],"author":[{"embeddable":true,"href":"https:\/\/www.comunicatur.info\/es\/wp-json\/wp\/v2\/users\/1"}],"replies":[{"embeddable":true,"href":"https:\/\/www.comunicatur.info\/es\/wp-json\/wp\/v2\/comments?post=19775"}],"version-history":[{"count":2,"href":"https:\/\/www.comunicatur.info\/es\/wp-json\/wp\/v2\/posts\/19775\/revisions"}],"predecessor-version":[{"id":19780,"href":"https:\/\/www.comunicatur.info\/es\/wp-json\/wp\/v2\/posts\/19775\/revisions\/19780"}],"wp:featuredmedia":[{"embeddable":true,"href":"https:\/\/www.comunicatur.info\/es\/wp-json\/wp\/v2\/media\/19776"}],"wp:attachment":[{"href":"https:\/\/www.comunicatur.info\/es\/wp-json\/wp\/v2\/media?parent=19775"}],"wp:term":[{"taxonomy":"category","embeddable":true,"href":"https:\/\/www.comunicatur.info\/es\/wp-json\/wp\/v2\/categories?post=19775"},{"taxonomy":"post_tag","embeddable":true,"href":"https:\/\/www.comunicatur.info\/es\/wp-json\/wp\/v2\/tags?post=19775"}],"curies":[{"name":"wp","href":"https:\/\/api.w.org\/{rel}","templated":true}]}}