{"id":19743,"date":"2022-02-14T00:00:58","date_gmt":"2022-02-13T22:00:58","guid":{"rendered":"https:\/\/comunicatur.info\/baleares-congela-las-plazas-turisticas\/"},"modified":"2022-03-07T18:51:44","modified_gmt":"2022-03-07T16:51:44","slug":"baleares-congela-las-plazas-turisticas","status":"publish","type":"post","link":"https:\/\/www.comunicatur.info\/es\/baleares-congela-las-plazas-turisticas\/","title":{"rendered":"Baleares congela las plazas tur\u00edsticas"},"content":{"rendered":"<p>El Gobierno de las Islas Baleares aprueba un Decreto ley para la modernizaci\u00f3n y transformaci\u00f3n del sector tur\u00edstico que incorpora la congelaci\u00f3n de plazas de alojamiento para los pr\u00f3ximos cuatro a\u00f1os.<!--more--><\/p>\n<p><img class=\"alignright size-medium wp-image-17894\" src=\"http:\/\/www.comunicatur.info\/wp-content\/uploads\/2022\/02\/Armengol_Balears-300x200.jpg\" alt=\"\" width=\"300\" height=\"200\" \/>La medida busca mejorar la calidad de vida de los residentes y la experiencia tur\u00edstica de los visitantes, seg\u00fan el Govern. La presidenta Francina Armengol defiende la norma como un avance <em>\u00abhacia la sostenibilidad ambiental, social y econ\u00f3mica\u00bb.<\/em> La nueva ley contempla un decrecimiento de plazas tur\u00edsticas.<\/p>\n<p>Concretamente, durante los pr\u00f3ximos cuatro a\u00f1os, no se podr\u00e1n comprar nuevas plazas de las bolsas de Mallorca, Eivissa y Formentera. En el caso de Menorca, que carece de bolsa de plazas, se aplica la congelaci\u00f3n para nueva oferta. En este per\u00edodo, los consejos insulares podr\u00e1n determinar, mediante sus planes territoriales insulares, si se recuperan estas plazas o se dejan extinguir.<\/p>\n<p><img class=\"alignright size-medium wp-image-14292\" src=\"http:\/\/www.comunicatur.info\/wp-content\/uploads\/2019\/08\/Hotel_Formentor_Mallorca-300x200.jpg\" alt=\"\" width=\"300\" height=\"200\" srcset=\"https:\/\/www.comunicatur.info\/wp-content\/uploads\/2019\/08\/Hotel_Formentor_Mallorca-300x200.jpg 300w, https:\/\/www.comunicatur.info\/wp-content\/uploads\/2019\/08\/Hotel_Formentor_Mallorca-768x512.jpg 768w, https:\/\/www.comunicatur.info\/wp-content\/uploads\/2019\/08\/Hotel_Formentor_Mallorca.jpg 1024w, https:\/\/www.comunicatur.info\/wp-content\/uploads\/2019\/08\/Hotel_Formentor_Mallorca-600x400.jpg 600w\" sizes=\"(max-width: 300px) 100vw, 300px\" \/>Esta moratoria afecta a las plazas hoteleras y las de alquiler tur\u00edstico, que en el caso de las bolsas de Mallorca, Eivissa y Formentera ahora mismo suman un total de 18.718, de las cuales 8.486 corresponden a Mallorca, 7.000 a Eivissa y 3.232 a Formentera.<\/p>\n<p>La presidenta balear ha explicado que este decreto ley se tramitar\u00e1 como proyecto de ley y estar\u00e1 abierto a las aportaciones de todos los grupos parlamentarios. Armengol ha asegurado que el objetivo es que las Islas Baleares <em>\u00abcontin\u00faen a la vanguardia en turismo\u00bb<\/em>, siendo <em>\u00abel primer destino tur\u00edstico circular del mundo\u00bb<\/em> y un destino <em>\u00abreferente en c\u00f3mo se cuidan los trabajadores y trabajadoras, que son quienes nos hace ser l\u00edderes en turismo\u201d.<\/em><\/p>\n","protected":false},"excerpt":{"rendered":"<p>El Gobierno de las Islas Baleares aprueba un Decreto ley para la modernizaci\u00f3n y transformaci\u00f3n del sector tur\u00edstico que incorpora la congelaci\u00f3n de plazas de alojamiento para los pr\u00f3ximos cuatro a\u00f1os. La medida busca mejorar la calidad de vida de los residentes y la experiencia tur\u00edstica de los visitantes, seg\u00fan el Govern. La presidenta Francina &hellip;<\/p>\n","protected":false},"author":1,"featured_media":19742,"comment_status":"closed","ping_status":"open","sticky":false,"template":"","format":"standard","meta":[],"categories":[59,62],"tags":[],"_links":{"self":[{"href":"https:\/\/www.comunicatur.info\/es\/wp-json\/wp\/v2\/posts\/19743"}],"collection":[{"href":"https:\/\/www.comunicatur.info\/es\/wp-json\/wp\/v2\/posts"}],"about":[{"href":"https:\/\/www.comunicatur.info\/es\/wp-json\/wp\/v2\/types\/post"}],"author":[{"embeddable":true,"href":"https:\/\/www.comunicatur.info\/es\/wp-json\/wp\/v2\/users\/1"}],"replies":[{"embeddable":true,"href":"https:\/\/www.comunicatur.info\/es\/wp-json\/wp\/v2\/comments?post=19743"}],"version-history":[{"count":1,"href":"https:\/\/www.comunicatur.info\/es\/wp-json\/wp\/v2\/posts\/19743\/revisions"}],"predecessor-version":[{"id":19744,"href":"https:\/\/www.comunicatur.info\/es\/wp-json\/wp\/v2\/posts\/19743\/revisions\/19744"}],"wp:featuredmedia":[{"embeddable":true,"href":"https:\/\/www.comunicatur.info\/es\/wp-json\/wp\/v2\/media\/19742"}],"wp:attachment":[{"href":"https:\/\/www.comunicatur.info\/es\/wp-json\/wp\/v2\/media?parent=19743"}],"wp:term":[{"taxonomy":"category","embeddable":true,"href":"https:\/\/www.comunicatur.info\/es\/wp-json\/wp\/v2\/categories?post=19743"},{"taxonomy":"post_tag","embeddable":true,"href":"https:\/\/www.comunicatur.info\/es\/wp-json\/wp\/v2\/tags?post=19743"}],"curies":[{"name":"wp","href":"https:\/\/api.w.org\/{rel}","templated":true}]}}