{"id":1906,"date":"2009-12-22T00:00:00","date_gmt":"2009-12-22T00:00:00","guid":{"rendered":"https:\/\/comunicatur.info\/la-val-daran-potenciara-el-senderisme-amb-la-recuperacio-dantics-camins-2\/"},"modified":"2009-12-22T00:00:00","modified_gmt":"2009-12-22T00:00:00","slug":"la-val-daran-potenciara-el-senderisme-amb-la-recuperacio-dantics-camins-2","status":"publish","type":"post","link":"https:\/\/www.comunicatur.info\/es\/la-val-daran-potenciara-el-senderisme-amb-la-recuperacio-dantics-camins-2\/","title":{"rendered":"El Valle de Ar\u00e1n potenciar\u00e1 el senderismo con la recuperaci\u00f3n de antiguos caminos"},"content":{"rendered":"\n<p>El Consejo General del Valle de Ar\u00e1n (Lleida) prev\u00e9 desarrollar en 2010 un Plan de recuperaci\u00f3n de antiguos caminos para potenciar la pr\u00e1ctica del senderismo. Seg\u00fan afirm\u00f3 el consejero de Turismo, Comercio y Transporte, Juan Antonio Serrano, el gobierno aran\u00e9s tiene previsto llevar a cabo un proyecto que pretende acondicionar los senderos y reemplazar las viejas se\u00f1ales de los caminos por otros nuevos homologados. <\/p>\n<p><\/p>\n<p>Los trabajos de recuperaci\u00f3n comenzaran a ejecutarse en el Baish Aran y se ir\u00e1n desarrollando de forma progresiva hacia la parte m\u00e1s alta del territorio. <\/p>\n<p> En estos momento, la auditoria, realizada por expertos austriacos, analiza la potencialidad de la pr\u00e1ctica del senderismo en Aran, para recopilar los itinerarios, y tener as\u00ed, el conocimiento necesario para desarrollar la certificaci\u00f3n internacional de los senderos. <\/p>\n<p>El proyecto, que se desarrollar\u00e1 conjuntamente con Turespa\u00f1a, prev\u00e9 se\u00f1alizar una ruta en cada n\u00facleo, que comenzar\u00e1 y finalizar\u00e1 en el mismo pueblo. De esta forma, se pretende destacar el valor de los elementos patrimoniales y culturales del territorio. <\/p>\n<p>Por otra parte, el Gobierno de Aran promueve una nueva gesti\u00f3n del turismo para impulsar la competitividad del sector, la internacionalizaci\u00f3n y la descentralizaci\u00f3n de la destinaci\u00f3n aranesa. La nueva f\u00f3rmula se configurar\u00e1 como un instrumento de colaboraci\u00f3n p\u00fablica y privada, que centrar\u00e1 la actividad de marketing y la comercializaci\u00f3n.\/Ag EP<\/p>\n","protected":false},"excerpt":{"rendered":"\n<p>El Consejo General del Valle de Ar\u00e1n (Lleida) prev\u00e9 desarrollar en 2010 un Plan de recuperaci\u00f3n de antiguos caminos para potenciar la pr\u00e1ctica del senderismo. Seg\u00fan afirm\u00f3 el consejero de Turismo, Comercio y Transporte, Juan Antonio Serrano, el gobierno aran\u00e9s tiene previsto llevar a cabo un proyecto que pretende acondicionar los senderos y reemplazar las viejas se\u00f1ales de los caminos por otros nuevos homologados. <\/p>\n","protected":false},"author":1,"featured_media":0,"comment_status":"close","ping_status":"open","sticky":false,"template":"","format":"standard","meta":[],"categories":[19],"tags":[],"_links":{"self":[{"href":"https:\/\/www.comunicatur.info\/es\/wp-json\/wp\/v2\/posts\/1906"}],"collection":[{"href":"https:\/\/www.comunicatur.info\/es\/wp-json\/wp\/v2\/posts"}],"about":[{"href":"https:\/\/www.comunicatur.info\/es\/wp-json\/wp\/v2\/types\/post"}],"author":[{"embeddable":true,"href":"https:\/\/www.comunicatur.info\/es\/wp-json\/wp\/v2\/users\/1"}],"replies":[{"embeddable":true,"href":"https:\/\/www.comunicatur.info\/es\/wp-json\/wp\/v2\/comments?post=1906"}],"version-history":[{"count":0,"href":"https:\/\/www.comunicatur.info\/es\/wp-json\/wp\/v2\/posts\/1906\/revisions"}],"wp:attachment":[{"href":"https:\/\/www.comunicatur.info\/es\/wp-json\/wp\/v2\/media?parent=1906"}],"wp:term":[{"taxonomy":"category","embeddable":true,"href":"https:\/\/www.comunicatur.info\/es\/wp-json\/wp\/v2\/categories?post=1906"},{"taxonomy":"post_tag","embeddable":true,"href":"https:\/\/www.comunicatur.info\/es\/wp-json\/wp\/v2\/tags?post=1906"}],"curies":[{"name":"wp","href":"https:\/\/api.w.org\/{rel}","templated":true}]}}