{"id":17886,"date":"2022-02-10T00:00:11","date_gmt":"2022-02-09T22:00:11","guid":{"rendered":"https:\/\/comunicatur.info\/?p=17886"},"modified":"2022-03-12T14:49:13","modified_gmt":"2022-03-12T12:49:13","slug":"el-barco-0-emisiones-que-construye-balearia","status":"publish","type":"post","link":"https:\/\/www.comunicatur.info\/es\/el-barco-0-emisiones-que-construye-balearia\/","title":{"rendered":"El barco 0 emisiones que construye Bale\u00e0ria"},"content":{"rendered":"<p>La compa\u00f1\u00eda Bale\u00e0ria tiene en construcci\u00f3n el primer barco de pasaje y carga que ser\u00e1 el\u00e9ctrico de 0 emisiones en las estancias y aproximaciones al puerto gracias al uso experimental de hidr\u00f3geno.<!--more--><\/p>\n<p>Este nuevo concepto de buque tendr\u00e1 una capacidad para 350 pasajeros y estar\u00e1 operativo en 2023. El nuevo ferry cubrir\u00e1 la ruta Ibiza-Formentera y permitir\u00e1 reducir un 80% las emisiones de efecto invernadero gracias a la instalaci\u00f3n de bater\u00edas el\u00e9ctricas que se recargar\u00e1n durante la traves\u00eda.<\/p>\n<p><img class=\"alignright size-medium wp-image-17882\" src=\"https:\/\/www.comunicatur.info\/wp-content\/uploads\/2022\/02\/Balearia-300x189.jpg\" alt=\"\" width=\"300\" height=\"189\" srcset=\"https:\/\/www.comunicatur.info\/wp-content\/uploads\/2022\/02\/Balearia-300x189.jpg 300w, https:\/\/www.comunicatur.info\/wp-content\/uploads\/2022\/02\/Balearia-768x484.jpg 768w, https:\/\/www.comunicatur.info\/wp-content\/uploads\/2022\/02\/Balearia-1024x645.jpg 1024w, https:\/\/www.comunicatur.info\/wp-content\/uploads\/2022\/02\/Balearia-600x378.jpg 600w\" sizes=\"(max-width: 300px) 100vw, 300px\" \/>Seg\u00fan explica el presidente de Bale\u00e0ria, Adolfo Utor, la naviera est\u00e1 implicada en proyectos vinculados al hidr\u00f3geno verde para promover un viaje m\u00e1s ecoeficiente y sostenible. El ferry que conectar\u00e1 las dos islas en una hora, cuenta con un sistema de propulsi\u00f3n di\u00e9sel-el\u00e9ctrico que le permite mejorar el rendimiento de propulsi\u00f3n y reducir las emisiones y ruidos.<\/p>\n<p>Adolfo Utor: <em>\u00abEste barco supone un salto importante y para nosotros tiene un componente emocional, ya que a pesar de ser peque\u00f1o y sencillo aspira a ser el m\u00e1s sostenible de la flota\u00bb.<\/em><\/p>\n","protected":false},"excerpt":{"rendered":"<p>La compa\u00f1\u00eda Bale\u00e0ria tiene en construcci\u00f3n el primer barco de pasaje y carga que ser\u00e1 el\u00e9ctrico de 0 emisiones en las estancias y aproximaciones al puerto gracias al uso experimental de hidr\u00f3geno. Este nuevo concepto de buque tendr\u00e1 una capacidad para 350 pasajeros y estar\u00e1 operativo en 2023. El nuevo ferry cubrir\u00e1 la ruta Ibiza-Formentera &hellip;<\/p>\n","protected":false},"author":408,"featured_media":19437,"comment_status":"closed","ping_status":"open","sticky":false,"template":"","format":"standard","meta":[],"categories":[65],"tags":[],"_links":{"self":[{"href":"https:\/\/www.comunicatur.info\/es\/wp-json\/wp\/v2\/posts\/17886"}],"collection":[{"href":"https:\/\/www.comunicatur.info\/es\/wp-json\/wp\/v2\/posts"}],"about":[{"href":"https:\/\/www.comunicatur.info\/es\/wp-json\/wp\/v2\/types\/post"}],"author":[{"embeddable":true,"href":"https:\/\/www.comunicatur.info\/es\/wp-json\/wp\/v2\/users\/408"}],"replies":[{"embeddable":true,"href":"https:\/\/www.comunicatur.info\/es\/wp-json\/wp\/v2\/comments?post=17886"}],"version-history":[{"count":3,"href":"https:\/\/www.comunicatur.info\/es\/wp-json\/wp\/v2\/posts\/17886\/revisions"}],"predecessor-version":[{"id":19919,"href":"https:\/\/www.comunicatur.info\/es\/wp-json\/wp\/v2\/posts\/17886\/revisions\/19919"}],"wp:featuredmedia":[{"embeddable":true,"href":"https:\/\/www.comunicatur.info\/es\/wp-json\/wp\/v2\/media\/19437"}],"wp:attachment":[{"href":"https:\/\/www.comunicatur.info\/es\/wp-json\/wp\/v2\/media?parent=17886"}],"wp:term":[{"taxonomy":"category","embeddable":true,"href":"https:\/\/www.comunicatur.info\/es\/wp-json\/wp\/v2\/categories?post=17886"},{"taxonomy":"post_tag","embeddable":true,"href":"https:\/\/www.comunicatur.info\/es\/wp-json\/wp\/v2\/tags?post=17886"}],"curies":[{"name":"wp","href":"https:\/\/api.w.org\/{rel}","templated":true}]}}