{"id":17878,"date":"2022-02-09T00:00:22","date_gmt":"2022-02-08T22:00:22","guid":{"rendered":"https:\/\/comunicatur.info\/?p=17878"},"modified":"2022-02-07T20:19:36","modified_gmt":"2022-02-07T18:19:36","slug":"inflacion-y-demanda-dispararan-los-precios-turisticos","status":"publish","type":"post","link":"https:\/\/www.comunicatur.info\/es\/inflacion-y-demanda-dispararan-los-precios-turisticos\/","title":{"rendered":"Inflaci\u00f3n y demanda disparar\u00e1n los precios tur\u00edsticos"},"content":{"rendered":"<p>Existen ganas de viajar una vez superada la \u00faltima variante de coronavirus. Los viajeros est\u00e1n haciendo planes de futuro coincidiendo con los anuncios de flexibilizaci\u00f3n y eliminaci\u00f3n de restricciones que est\u00e1n enviando las autoridades.<!--more--><\/p>\n<p><img class=\"alignright size-medium wp-image-17759\" src=\"https:\/\/www.comunicatur.info\/wp-content\/uploads\/2022\/01\/guies_turistes_Barcelona-300x170.jpg\" alt=\"\" width=\"300\" height=\"170\" srcset=\"https:\/\/www.comunicatur.info\/wp-content\/uploads\/2022\/01\/guies_turistes_Barcelona-300x170.jpg 300w, https:\/\/www.comunicatur.info\/wp-content\/uploads\/2022\/01\/guies_turistes_Barcelona.jpg 544w\" sizes=\"(max-width: 300px) 100vw, 300px\" \/>Esta situaci\u00f3n se produce en un momento econ\u00f3mico marcado por la inflaci\u00f3n. La suma de aumento de la demanda y contexto inflacionista est\u00e1 provocando que los precios tur\u00edsticos se disparen.<\/p>\n<p>No se registraba una inflaci\u00f3n tan alta en los \u00faltimos 15 o 20 a\u00f1os. Los precios altos ser\u00e1n la t\u00f3nica y las agencias ya lo han detectado. El problema puede incrementarse a medida que aumente la demanda que har\u00e1 subir a\u00fan m\u00e1s estos precios. En mercados como el brit\u00e1nico los intermediarios calculan que 9 de cada 10 personas que realizaron un viaje en 2019 lo volver\u00e1n a hacer en 2022.<\/p>\n<p>El tercer elemento que tambi\u00e9n puede contribuir a subir precios ser\u00e1 la capacidad de la industria en absorber la demanda despu\u00e9s de dos a\u00f1os de pandemia. Es probable que el tejido empresarial haya sufrido y se encuentre con dificultades para ofertar la misma capacidad que en ejercicios de normalidad. Esta reducci\u00f3n de oferta empujar\u00e1 al alza los precios.<\/p>\n","protected":false},"excerpt":{"rendered":"<p>Existen ganas de viajar una vez superada la \u00faltima variante de coronavirus. Los viajeros est\u00e1n haciendo planes de futuro coincidiendo con los anuncios de flexibilizaci\u00f3n y eliminaci\u00f3n de restricciones que est\u00e1n enviando las autoridades. Esta situaci\u00f3n se produce en un momento econ\u00f3mico marcado por la inflaci\u00f3n. La suma de aumento de la demanda y contexto &hellip;<\/p>\n","protected":false},"author":408,"featured_media":0,"comment_status":"closed","ping_status":"open","sticky":false,"template":"","format":"standard","meta":[],"categories":[74],"tags":[],"_links":{"self":[{"href":"https:\/\/www.comunicatur.info\/es\/wp-json\/wp\/v2\/posts\/17878"}],"collection":[{"href":"https:\/\/www.comunicatur.info\/es\/wp-json\/wp\/v2\/posts"}],"about":[{"href":"https:\/\/www.comunicatur.info\/es\/wp-json\/wp\/v2\/types\/post"}],"author":[{"embeddable":true,"href":"https:\/\/www.comunicatur.info\/es\/wp-json\/wp\/v2\/users\/408"}],"replies":[{"embeddable":true,"href":"https:\/\/www.comunicatur.info\/es\/wp-json\/wp\/v2\/comments?post=17878"}],"version-history":[{"count":1,"href":"https:\/\/www.comunicatur.info\/es\/wp-json\/wp\/v2\/posts\/17878\/revisions"}],"predecessor-version":[{"id":17879,"href":"https:\/\/www.comunicatur.info\/es\/wp-json\/wp\/v2\/posts\/17878\/revisions\/17879"}],"wp:attachment":[{"href":"https:\/\/www.comunicatur.info\/es\/wp-json\/wp\/v2\/media?parent=17878"}],"wp:term":[{"taxonomy":"category","embeddable":true,"href":"https:\/\/www.comunicatur.info\/es\/wp-json\/wp\/v2\/categories?post=17878"},{"taxonomy":"post_tag","embeddable":true,"href":"https:\/\/www.comunicatur.info\/es\/wp-json\/wp\/v2\/tags?post=17878"}],"curies":[{"name":"wp","href":"https:\/\/api.w.org\/{rel}","templated":true}]}}