{"id":17860,"date":"2022-02-04T00:00:31","date_gmt":"2022-02-03T22:00:31","guid":{"rendered":"https:\/\/comunicatur.info\/?p=17860"},"modified":"2022-02-03T19:01:35","modified_gmt":"2022-02-03T17:01:35","slug":"los-aeropuertos-de-europa-asumen-un-dificil-inicio-de-2022","status":"publish","type":"post","link":"https:\/\/www.comunicatur.info\/es\/los-aeropuertos-de-europa-asumen-un-dificil-inicio-de-2022\/","title":{"rendered":"Los aeropuertos de Europa asumen un dif\u00edcil inicio de 2022"},"content":{"rendered":"<p>Los aeropuertos europeos cerraron el pasado a\u00f1o con un 59% por debajo de los niveles previos a la pandemia y el inicio de este ser\u00e1 a\u00fan de ritmo lento. Se preparan para un dif\u00edcil comienzo de 2022 con datos decepcionantes en el primer trimestre.<!--more--><\/p>\n<p><img class=\"alignright size-medium wp-image-17857\" src=\"https:\/\/www.comunicatur.info\/wp-content\/uploads\/2022\/02\/Aeroport-300x184.jpeg\" alt=\"\" width=\"300\" height=\"184\" srcset=\"https:\/\/www.comunicatur.info\/wp-content\/uploads\/2022\/02\/Aeroport-300x184.jpeg 300w, https:\/\/www.comunicatur.info\/wp-content\/uploads\/2022\/02\/Aeroport-768x472.jpeg 768w, https:\/\/www.comunicatur.info\/wp-content\/uploads\/2022\/02\/Aeroport-1024x629.jpeg 1024w, https:\/\/www.comunicatur.info\/wp-content\/uploads\/2022\/02\/Aeroport-600x369.jpeg 600w, https:\/\/www.comunicatur.info\/wp-content\/uploads\/2022\/02\/Aeroport.jpeg 1536w\" sizes=\"(max-width: 300px) 100vw, 300px\" \/>La regi\u00f3n a\u00e9rea europea cerr\u00f3 con 1.000 millones de pasajeros frente a los 728 millones del 2020 y muy lejos de los 2.400 millones de 2019. El crecimiento es paulatino pero muy lento, no se disparan las cifras como se esperaba. La acumulaci\u00f3n de p\u00e9rdidas de pasajeros es estratosf\u00e9rica, en los dos \u00faltimos ejercicios los aeropuertos europeos suman 3.120 millones de viajeros menos.<\/p>\n<p>Estos n\u00fameros significan tanto como si durante un a\u00f1o y 4 meses no se hubiera movido ni un solo viajero en avi\u00f3n. Una situaci\u00f3n que ha dejado a la industria a\u00e9rea bajo un estr\u00e9s financiero inaudito.<\/p>\n<p>Para este 2022 la previsi\u00f3n en los aeropuertos europeos es que durante la primera parte del a\u00f1o sigan en niveles por debajo a los previos a la crisis. Para el resto del a\u00f1o sigue la incertidumbre y aunque las aerol\u00edneas han presentado su programaci\u00f3n de vuelos con visi\u00f3n optimista y de recuperaci\u00f3n de actividad en realidad saben que la evoluci\u00f3n de la pandemia y del mercado es por ahora una inc\u00f3gnita. La t\u00f3nica general ser\u00e1 la de ir retirando vuelos y capacidad seg\u00fan se comporte la demanda.<\/p>\n","protected":false},"excerpt":{"rendered":"<p>Los aeropuertos europeos cerraron el pasado a\u00f1o con un 59% por debajo de los niveles previos a la pandemia y el inicio de este ser\u00e1 a\u00fan de ritmo lento. Se preparan para un dif\u00edcil comienzo de 2022 con datos decepcionantes en el primer trimestre. La regi\u00f3n a\u00e9rea europea cerr\u00f3 con 1.000 millones de pasajeros frente &hellip;<\/p>\n","protected":false},"author":408,"featured_media":0,"comment_status":"closed","ping_status":"open","sticky":false,"template":"","format":"standard","meta":[],"categories":[65],"tags":[],"_links":{"self":[{"href":"https:\/\/www.comunicatur.info\/es\/wp-json\/wp\/v2\/posts\/17860"}],"collection":[{"href":"https:\/\/www.comunicatur.info\/es\/wp-json\/wp\/v2\/posts"}],"about":[{"href":"https:\/\/www.comunicatur.info\/es\/wp-json\/wp\/v2\/types\/post"}],"author":[{"embeddable":true,"href":"https:\/\/www.comunicatur.info\/es\/wp-json\/wp\/v2\/users\/408"}],"replies":[{"embeddable":true,"href":"https:\/\/www.comunicatur.info\/es\/wp-json\/wp\/v2\/comments?post=17860"}],"version-history":[{"count":1,"href":"https:\/\/www.comunicatur.info\/es\/wp-json\/wp\/v2\/posts\/17860\/revisions"}],"predecessor-version":[{"id":17861,"href":"https:\/\/www.comunicatur.info\/es\/wp-json\/wp\/v2\/posts\/17860\/revisions\/17861"}],"wp:attachment":[{"href":"https:\/\/www.comunicatur.info\/es\/wp-json\/wp\/v2\/media?parent=17860"}],"wp:term":[{"taxonomy":"category","embeddable":true,"href":"https:\/\/www.comunicatur.info\/es\/wp-json\/wp\/v2\/categories?post=17860"},{"taxonomy":"post_tag","embeddable":true,"href":"https:\/\/www.comunicatur.info\/es\/wp-json\/wp\/v2\/tags?post=17860"}],"curies":[{"name":"wp","href":"https:\/\/api.w.org\/{rel}","templated":true}]}}