{"id":17820,"date":"2022-01-28T00:00:56","date_gmt":"2022-01-27T22:00:56","guid":{"rendered":"https:\/\/comunicatur.info\/?p=17820"},"modified":"2022-01-27T17:35:40","modified_gmt":"2022-01-27T15:35:40","slug":"agentes-turisticos-del-maresme-han-identificado-los-retos-actuales","status":"publish","type":"post","link":"https:\/\/www.comunicatur.info\/es\/agentes-turisticos-del-maresme-han-identificado-los-retos-actuales\/","title":{"rendered":"Agentes tur\u00edsticos del Maresme han identificado los retos actuales"},"content":{"rendered":"<p>La sostenibilidad, la responsabilidad y la digitalizaci\u00f3n son los elementos clave que el sector debe conseguir para superar los retos del turismo de este 2022. Un centenar de agentes tur\u00edsticos participaron en la jornada organizada por el Consorci de Promoci\u00f3 Tur\u00edstica Costa del Maresme para identificarlos y debatirlos.<!--more--><\/p>\n<p><img class=\"alignright size-medium wp-image-17817\" src=\"https:\/\/www.comunicatur.info\/wp-content\/uploads\/2022\/01\/jornada_reptes_2022-300x225.jpg\" alt=\"\" width=\"300\" height=\"225\" srcset=\"https:\/\/www.comunicatur.info\/wp-content\/uploads\/2022\/01\/jornada_reptes_2022-300x225.jpg 300w, https:\/\/www.comunicatur.info\/wp-content\/uploads\/2022\/01\/jornada_reptes_2022-768x576.jpg 768w, https:\/\/www.comunicatur.info\/wp-content\/uploads\/2022\/01\/jornada_reptes_2022-1024x768.jpg 1024w, https:\/\/www.comunicatur.info\/wp-content\/uploads\/2022\/01\/jornada_reptes_2022-600x450.jpg 600w, https:\/\/www.comunicatur.info\/wp-content\/uploads\/2022\/01\/jornada_reptes_2022.jpg 1200w\" sizes=\"(max-width: 300px) 100vw, 300px\" \/>Las conclusiones de que el turismo del 2022 debe ser sostenible, responsable y digital lo ha confirmado uno de los ponentes de la jornada, el profesor de la UdG Jos\u00e9 Antonio Donaire, quien ha reconocido que esta adaptaci\u00f3n exigir\u00e1<em> \u201cun esfuerzo de adaptaci\u00f3n\u201d. <\/em><\/p>\n<p>El Maresme tiene identificadas 764 iniciativas tur\u00edsticas sostenibles vinculadas a la gesti\u00f3n del agua, la energ\u00eda, los gases de efecto invernadero, de destinaci\u00f3n y comunidad y de naturaleza y residuos. Rafa Gonz\u00e1lez, socio director de Vivential Value, ha explicado la importancia de que el destino apueste claramente por este tipo de iniciativas pero que <em>\u201cahora lo que toca es ver si tambi\u00e9n la demanda percibe esta apuesta por la sostenibilidad y si reconoce el Maresme como un destino con responsabilidad sectorial\u201d.<\/em><\/p>\n<p>La jornada ha servido para dar pautas de c\u00f3mo implementar propuestas responsables, sostenibles. La creadora de experiencias transformadoras, Ana Merlino, ha propuesto a los agentes que visualicen sus ideas innovadoras y las tiren adelante dividi\u00e9ndolas en peque\u00f1as acciones que sean realizables.<\/p>\n","protected":false},"excerpt":{"rendered":"<p>La sostenibilidad, la responsabilidad y la digitalizaci\u00f3n son los elementos clave que el sector debe conseguir para superar los retos del turismo de este 2022. Un centenar de agentes tur\u00edsticos participaron en la jornada organizada por el Consorci de Promoci\u00f3 Tur\u00edstica Costa del Maresme para identificarlos y debatirlos. Las conclusiones de que el turismo del &hellip;<\/p>\n","protected":false},"author":408,"featured_media":0,"comment_status":"closed","ping_status":"open","sticky":false,"template":"","format":"standard","meta":[],"categories":[62],"tags":[],"_links":{"self":[{"href":"https:\/\/www.comunicatur.info\/es\/wp-json\/wp\/v2\/posts\/17820"}],"collection":[{"href":"https:\/\/www.comunicatur.info\/es\/wp-json\/wp\/v2\/posts"}],"about":[{"href":"https:\/\/www.comunicatur.info\/es\/wp-json\/wp\/v2\/types\/post"}],"author":[{"embeddable":true,"href":"https:\/\/www.comunicatur.info\/es\/wp-json\/wp\/v2\/users\/408"}],"replies":[{"embeddable":true,"href":"https:\/\/www.comunicatur.info\/es\/wp-json\/wp\/v2\/comments?post=17820"}],"version-history":[{"count":1,"href":"https:\/\/www.comunicatur.info\/es\/wp-json\/wp\/v2\/posts\/17820\/revisions"}],"predecessor-version":[{"id":17821,"href":"https:\/\/www.comunicatur.info\/es\/wp-json\/wp\/v2\/posts\/17820\/revisions\/17821"}],"wp:attachment":[{"href":"https:\/\/www.comunicatur.info\/es\/wp-json\/wp\/v2\/media?parent=17820"}],"wp:term":[{"taxonomy":"category","embeddable":true,"href":"https:\/\/www.comunicatur.info\/es\/wp-json\/wp\/v2\/categories?post=17820"},{"taxonomy":"post_tag","embeddable":true,"href":"https:\/\/www.comunicatur.info\/es\/wp-json\/wp\/v2\/tags?post=17820"}],"curies":[{"name":"wp","href":"https:\/\/api.w.org\/{rel}","templated":true}]}}