{"id":17794,"date":"2022-01-24T00:00:44","date_gmt":"2022-01-23T22:00:44","guid":{"rendered":"https:\/\/comunicatur.info\/?p=17794"},"modified":"2022-01-24T00:43:55","modified_gmt":"2022-01-23T22:43:55","slug":"fitur-2022-una-balance-marcado-por-el-desastre-de-la-organizacion","status":"publish","type":"post","link":"https:\/\/www.comunicatur.info\/es\/fitur-2022-una-balance-marcado-por-el-desastre-de-la-organizacion\/","title":{"rendered":"Fitur 2022, una balance marcado por el desastre de la organizaci\u00f3n"},"content":{"rendered":"<p><img class=\"alignright size-medium wp-image-17784\" src=\"https:\/\/www.comunicatur.info\/wp-content\/uploads\/2022\/01\/colas_Fitur2022-300x222.jpg\" alt=\"\" width=\"300\" height=\"222\" srcset=\"https:\/\/www.comunicatur.info\/wp-content\/uploads\/2022\/01\/colas_Fitur2022-300x222.jpg 300w, https:\/\/www.comunicatur.info\/wp-content\/uploads\/2022\/01\/colas_Fitur2022-600x444.jpg 600w, https:\/\/www.comunicatur.info\/wp-content\/uploads\/2022\/01\/colas_Fitur2022.jpg 731w\" sizes=\"(max-width: 300px) 100vw, 300px\" \/>Esta edici\u00f3n de Fitur se recordar\u00e1 por \u201clas colas de la verg\u00fcenza\u201d. Hasta 2 horas de cola (en alg\u00fan caso m\u00e1s) tuvieron que soportar los visitantes para acceder a las instalaciones el primer d\u00eda de feria. El caos organizativo fue may\u00fasculo y la imagen de IFEMA ha quedado tocada.<!--more--><\/p>\n<p>La intenci\u00f3n de demostrar que se pueden organizar eventos de negocios a pesar de la pandemia es elogiable pero la incapacidad manifiesta echa al traste las buenas intenciones. Cert\u00e1menes tur\u00edsticos previstos en Europa para este mes de enero se han cancelado y hasta la edici\u00f3n 2022 de la ITB del mes de marzo ha decidido esperar al pr\u00f3ximo a\u00f1o.<\/p>\n<p><img class=\"alignright size-medium wp-image-17786\" src=\"https:\/\/www.comunicatur.info\/wp-content\/uploads\/2022\/01\/Fitur_2022_ReyesMaroto-300x225.jpg\" alt=\"\" width=\"300\" height=\"225\" srcset=\"https:\/\/www.comunicatur.info\/wp-content\/uploads\/2022\/01\/Fitur_2022_ReyesMaroto-300x225.jpg 300w, https:\/\/www.comunicatur.info\/wp-content\/uploads\/2022\/01\/Fitur_2022_ReyesMaroto-768x576.jpg 768w, https:\/\/www.comunicatur.info\/wp-content\/uploads\/2022\/01\/Fitur_2022_ReyesMaroto-1024x768.jpg 1024w, https:\/\/www.comunicatur.info\/wp-content\/uploads\/2022\/01\/Fitur_2022_ReyesMaroto-600x450.jpg 600w, https:\/\/www.comunicatur.info\/wp-content\/uploads\/2022\/01\/Fitur_2022_ReyesMaroto.jpg 2016w\" sizes=\"(max-width: 300px) 100vw, 300px\" \/>IFEMA, Ministerio, ayuntamiento y el resto de organismos del comit\u00e9 organizador quisieron tirar para adelante con esta edici\u00f3n como muestra de apoyo al sector. Y el sector ha respondido. A pesar de la evidente ca\u00edda de asistentes profesionales -nada que ver con ediciones pre pandemia- los profesionales, empresas y organismos p\u00fablicos han dado vigor a Fitur. El problema ha sido la incapacidad de gestionar un acceso digno de un evento que se celebra en el mundo desarrollado.<\/p>\n<p><img class=\"alignleft size-medium wp-image-17787\" src=\"https:\/\/www.comunicatur.info\/wp-content\/uploads\/2022\/01\/Fitur2022-300x225.jpg\" alt=\"\" width=\"300\" height=\"225\" srcset=\"https:\/\/www.comunicatur.info\/wp-content\/uploads\/2022\/01\/Fitur2022-300x225.jpg 300w, https:\/\/www.comunicatur.info\/wp-content\/uploads\/2022\/01\/Fitur2022-768x576.jpg 768w, https:\/\/www.comunicatur.info\/wp-content\/uploads\/2022\/01\/Fitur2022-1024x768.jpg 1024w, https:\/\/www.comunicatur.info\/wp-content\/uploads\/2022\/01\/Fitur2022-600x450.jpg 600w, https:\/\/www.comunicatur.info\/wp-content\/uploads\/2022\/01\/Fitur2022.jpg 2016w\" sizes=\"(max-width: 300px) 100vw, 300px\" \/>El balance final que ha realizado FITUR 2022 cuantifica la participaci\u00f3n profesional en sus tres primeras jornadas en 81.193 asistentes de 127 pa\u00edses, duplicando los datos de la edici\u00f3n de 2021. A este dato hay que sumar las visitas del p\u00fablico, en los d\u00edas de fin de semana que la estiman en unas 30.000 personas, congregando por tanto una cifra global de 111.193 asistentes.<\/p>\n<p>En otro orden de cosas, esta edici\u00f3n de Fitur ha sido la del compromiso del sector por un turismo m\u00e1s sostenible, verde y responsable. Algunos ejemplos los tenemos en destinos como Egipto que ha decidido divulgar como gran novedad su orientaci\u00f3n hacia un turismo sostenible presentado su estrategia 2030 en la feria;<img class=\"size-medium wp-image-17785 alignright\" src=\"https:\/\/www.comunicatur.info\/wp-content\/uploads\/2022\/01\/Firna_Torrent_Catalunya_Glasgow-300x200.jpeg\" alt=\"\" width=\"300\" height=\"200\" srcset=\"https:\/\/www.comunicatur.info\/wp-content\/uploads\/2022\/01\/Firna_Torrent_Catalunya_Glasgow-300x200.jpeg 300w, https:\/\/www.comunicatur.info\/wp-content\/uploads\/2022\/01\/Firna_Torrent_Catalunya_Glasgow-768x512.jpeg 768w, https:\/\/www.comunicatur.info\/wp-content\/uploads\/2022\/01\/Firna_Torrent_Catalunya_Glasgow-1024x682.jpeg 1024w, https:\/\/www.comunicatur.info\/wp-content\/uploads\/2022\/01\/Firna_Torrent_Catalunya_Glasgow-600x400.jpeg 600w, https:\/\/www.comunicatur.info\/wp-content\/uploads\/2022\/01\/Firna_Torrent_Catalunya_Glasgow.jpeg 1600w\" sizes=\"(max-width: 300px) 100vw, 300px\" \/> o la empresa Balearia que est\u00e1 construyendo su primer ferry el\u00e9ctrico con 0 emisiones durante las estancias y las aproximaciones al puerto; o PortAventura World que se ha comprometido con el Pacto Mundial de la ONU en Fitur sum\u00e1ndose a la Agenda 2030; o en el caso de Catalu\u00f1a que ha firmado \u00a0la Declaraci\u00f3n de Glasgow para el Turismo en la que se compromete a tener definido en el plazo de un a\u00f1o un Plan de Acci\u00f3n Clim\u00e1tica.<\/p>\n","protected":false},"excerpt":{"rendered":"<p>Esta edici\u00f3n de Fitur se recordar\u00e1 por \u201clas colas de la verg\u00fcenza\u201d. Hasta 2 horas de cola (en alg\u00fan caso m\u00e1s) tuvieron que soportar los visitantes para acceder a las instalaciones el primer d\u00eda de feria. El caos organizativo fue may\u00fasculo y la imagen de IFEMA ha quedado tocada. La intenci\u00f3n de demostrar que se &hellip;<\/p>\n","protected":false},"author":408,"featured_media":0,"comment_status":"closed","ping_status":"open","sticky":false,"template":"","format":"standard","meta":[],"categories":[63],"tags":[],"_links":{"self":[{"href":"https:\/\/www.comunicatur.info\/es\/wp-json\/wp\/v2\/posts\/17794"}],"collection":[{"href":"https:\/\/www.comunicatur.info\/es\/wp-json\/wp\/v2\/posts"}],"about":[{"href":"https:\/\/www.comunicatur.info\/es\/wp-json\/wp\/v2\/types\/post"}],"author":[{"embeddable":true,"href":"https:\/\/www.comunicatur.info\/es\/wp-json\/wp\/v2\/users\/408"}],"replies":[{"embeddable":true,"href":"https:\/\/www.comunicatur.info\/es\/wp-json\/wp\/v2\/comments?post=17794"}],"version-history":[{"count":1,"href":"https:\/\/www.comunicatur.info\/es\/wp-json\/wp\/v2\/posts\/17794\/revisions"}],"predecessor-version":[{"id":17795,"href":"https:\/\/www.comunicatur.info\/es\/wp-json\/wp\/v2\/posts\/17794\/revisions\/17795"}],"wp:attachment":[{"href":"https:\/\/www.comunicatur.info\/es\/wp-json\/wp\/v2\/media?parent=17794"}],"wp:term":[{"taxonomy":"category","embeddable":true,"href":"https:\/\/www.comunicatur.info\/es\/wp-json\/wp\/v2\/categories?post=17794"},{"taxonomy":"post_tag","embeddable":true,"href":"https:\/\/www.comunicatur.info\/es\/wp-json\/wp\/v2\/tags?post=17794"}],"curies":[{"name":"wp","href":"https:\/\/api.w.org\/{rel}","templated":true}]}}