{"id":17728,"date":"2022-01-11T00:00:16","date_gmt":"2022-01-10T22:00:16","guid":{"rendered":"https:\/\/comunicatur.info\/?p=17728"},"modified":"2022-01-11T10:33:36","modified_gmt":"2022-01-11T08:33:36","slug":"presencia-de-cataluna-en-mas-de-40-ferias-internacionales-de-turismo-durante-el-2022","status":"publish","type":"post","link":"https:\/\/www.comunicatur.info\/es\/presencia-de-cataluna-en-mas-de-40-ferias-internacionales-de-turismo-durante-el-2022\/","title":{"rendered":"Presencia de Catalu\u00f1a en m\u00e1s de 40 ferias internacionales de turismo durante el 2022"},"content":{"rendered":"<p>El director de la Agencia Catalana de Turismo (ACT), Narc\u00eds Ferrer, ha anunciado que el organismo de promoci\u00f3n de Catalu\u00f1a participar\u00e1 en las ferias de turismo de este a\u00f1o para <em>\u201cproyectar que el modelo tur\u00edstico catal\u00e1n se est\u00e1 transformando y que existe una clara apuesta por fomentar un turismo m\u00e1s \u00e9tico, innovador y responsable\u201d.<\/em><!--more--><\/p>\n<p><img class=\"alignright size-medium wp-image-17726\" src=\"https:\/\/www.comunicatur.info\/wp-content\/uploads\/2022\/01\/estand_fira_Catalunya_rus-300x225.jpg\" alt=\"\" width=\"300\" height=\"225\" srcset=\"https:\/\/www.comunicatur.info\/wp-content\/uploads\/2022\/01\/estand_fira_Catalunya_rus-300x225.jpg 300w, https:\/\/www.comunicatur.info\/wp-content\/uploads\/2022\/01\/estand_fira_Catalunya_rus.jpg 398w\" sizes=\"(max-width: 300px) 100vw, 300px\" \/>La ACT tiene previsto participar en 2022 en m\u00e1s de 40 ferias nacionales e internacionales como la WTM de Londres, la MITT de Mosc\u00fa, la ILTM de China, o Fitur en Madrid y el B-Travel en Barcelona. Tambi\u00e9n incluye la asistencia en salones especializados en productos como el turismo activo, golf, naturaleza, gastronom\u00eda, negocios&#8230;<\/p>\n<p>Las empresas y organismos tur\u00edsticos catalanes que lo deseen tienen la oportunidad de promocionar ofertas tur\u00edsticas sostenibles e innovadoras bajo el stand de la marca Catalunya. Seg\u00fan informa la Agencia Catalana de Turismo, en los a\u00f1os 2018, 2019 y 2021 unas 330 empresas y entidades han participado en salones dedicados al turismo bajo la marca y el stand de Catalu\u00f1a<\/p>\n<p>Ferrer afirma que <em>\u201clos salones internacionales son un instrumento clave de promoci\u00f3n comercial, puesto que son un gran escaparate para el establecimiento de contactos, el conocimiento de la oferta sectorial, el lanzamiento de proyectos o la difusi\u00f3n de informaci\u00f3n, creando importantes oportunidades de negocio\u201d.<\/em><\/p>\n<p>El calendario ferial completo de Catalu\u00f1a:\u00a0<a href=\"http:\/\/act.gencat.cat\/firesturisme\/\" target=\"_blank\" rel=\"noopener noreferrer\">http:\/\/act.gencat.cat\/firesturisme\/\u00a0<\/a><\/p>\n","protected":false},"excerpt":{"rendered":"<p>El director de la Agencia Catalana de Turismo (ACT), Narc\u00eds Ferrer, ha anunciado que el organismo de promoci\u00f3n de Catalu\u00f1a participar\u00e1 en las ferias de turismo de este a\u00f1o para \u201cproyectar que el modelo tur\u00edstico catal\u00e1n se est\u00e1 transformando y que existe una clara apuesta por fomentar un turismo m\u00e1s \u00e9tico, innovador y responsable\u201d. La &hellip;<\/p>\n","protected":false},"author":408,"featured_media":0,"comment_status":"closed","ping_status":"open","sticky":false,"template":"","format":"standard","meta":[],"categories":[63],"tags":[],"_links":{"self":[{"href":"https:\/\/www.comunicatur.info\/es\/wp-json\/wp\/v2\/posts\/17728"}],"collection":[{"href":"https:\/\/www.comunicatur.info\/es\/wp-json\/wp\/v2\/posts"}],"about":[{"href":"https:\/\/www.comunicatur.info\/es\/wp-json\/wp\/v2\/types\/post"}],"author":[{"embeddable":true,"href":"https:\/\/www.comunicatur.info\/es\/wp-json\/wp\/v2\/users\/408"}],"replies":[{"embeddable":true,"href":"https:\/\/www.comunicatur.info\/es\/wp-json\/wp\/v2\/comments?post=17728"}],"version-history":[{"count":1,"href":"https:\/\/www.comunicatur.info\/es\/wp-json\/wp\/v2\/posts\/17728\/revisions"}],"predecessor-version":[{"id":17729,"href":"https:\/\/www.comunicatur.info\/es\/wp-json\/wp\/v2\/posts\/17728\/revisions\/17729"}],"wp:attachment":[{"href":"https:\/\/www.comunicatur.info\/es\/wp-json\/wp\/v2\/media?parent=17728"}],"wp:term":[{"taxonomy":"category","embeddable":true,"href":"https:\/\/www.comunicatur.info\/es\/wp-json\/wp\/v2\/categories?post=17728"},{"taxonomy":"post_tag","embeddable":true,"href":"https:\/\/www.comunicatur.info\/es\/wp-json\/wp\/v2\/tags?post=17728"}],"curies":[{"name":"wp","href":"https:\/\/api.w.org\/{rel}","templated":true}]}}