{"id":17718,"date":"2022-01-05T14:02:17","date_gmt":"2022-01-05T12:02:17","guid":{"rendered":"https:\/\/comunicatur.info\/?p=17718"},"modified":"2022-01-05T14:02:17","modified_gmt":"2022-01-05T12:02:17","slug":"otra-gran-feria-turistica-aplaza-mientras-fitur-reconfirma-su-celebracion","status":"publish","type":"post","link":"https:\/\/www.comunicatur.info\/es\/otra-gran-feria-turistica-aplaza-mientras-fitur-reconfirma-su-celebracion\/","title":{"rendered":"Otra gran feria tur\u00edstica aplaza mientras Fitur reconfirma su celebraci\u00f3n"},"content":{"rendered":"<p>La BIT \u2013 Borsa Internazionale de Turismo, la feria m\u00e1s importante de Italia, ha anunciado que aplaza su celebraci\u00f3n al mes de abril. Este anuncio coincide con la decisi\u00f3n de la organizaci\u00f3n de Fitur de asegurar la edici\u00f3n de este mes de enero de forma presencial.<!--more--><\/p>\n<p><img class=\"alignright size-medium wp-image-17707\" src=\"https:\/\/www.comunicatur.info\/wp-content\/uploads\/2022\/01\/Canvi_data_BIT-300x300.jpg\" alt=\"\" width=\"300\" height=\"300\" srcset=\"https:\/\/www.comunicatur.info\/wp-content\/uploads\/2022\/01\/Canvi_data_BIT-300x300.jpg 300w, https:\/\/www.comunicatur.info\/wp-content\/uploads\/2022\/01\/Canvi_data_BIT-150x150.jpg 150w, https:\/\/www.comunicatur.info\/wp-content\/uploads\/2022\/01\/Canvi_data_BIT-768x768.jpg 768w, https:\/\/www.comunicatur.info\/wp-content\/uploads\/2022\/01\/Canvi_data_BIT-1024x1024.jpg 1024w, https:\/\/www.comunicatur.info\/wp-content\/uploads\/2022\/01\/Canvi_data_BIT-600x600.jpg 600w, https:\/\/www.comunicatur.info\/wp-content\/uploads\/2022\/01\/Canvi_data_BIT.jpg 1440w\" sizes=\"(max-width: 300px) 100vw, 300px\" \/>La pandemia ha forzado a la feria de Mil\u00e1n, que habitualmente se celebra en el mes de febrero, a mover sus fechas al 10, 11 y 12 de abril. El sector tur\u00edstico italiano ha considerado que una feria celebrada entre el 13 y 15 de febrero no aseguraba unas reuniones de negocios provechosas y sobre todo no llegaban en tiempo adecuado para valorar las tendencias tur\u00edsticas del futuro inmersos como estamos en una nueva ola de contagios por \u00f3micron.<\/p>\n<p>Retras\u00e1ndola un par de meses, en primavera, consideran que la situaci\u00f3n ser\u00e1 diferente y los profesionales podr\u00e1n valorar el futuro de la industria con m\u00e1s realismo. <a href=\"https:\/\/www.comunicatur.info\/es\/fitur-sigue-itb-cancela\/\" target=\"_blank\" rel=\"noopener noreferrer\">Una visi\u00f3n similar es la de la organizaci\u00f3n de la ITB de Berl\u00edn que tal y como anunciamos en Comunicatur decidi\u00f3 la cancelaci\u00f3n de la edici\u00f3n presencial de 2022 que iba a tener lugar entre el 9 y 13 de marzo.<\/a><\/p>\n<p>En el caso de Espa\u00f1a la visi\u00f3n es totalmente diferente. Ifema ha vuelto a confirmar que Fitur se celebrar\u00e1 en Madrid en las fechas previstas, del 19 al 23 de enero, y de forma presencial. La decisi\u00f3n de mantenerse ha sido \u201cacordada por unanimidad\u201d de todo el comit\u00e9 organizador.<\/p>\n","protected":false},"excerpt":{"rendered":"<p>La BIT \u2013 Borsa Internazionale de Turismo, la feria m\u00e1s importante de Italia, ha anunciado que aplaza su celebraci\u00f3n al mes de abril. Este anuncio coincide con la decisi\u00f3n de la organizaci\u00f3n de Fitur de asegurar la edici\u00f3n de este mes de enero de forma presencial. La pandemia ha forzado a la feria de Mil\u00e1n, &hellip;<\/p>\n","protected":false},"author":408,"featured_media":0,"comment_status":"closed","ping_status":"open","sticky":false,"template":"","format":"standard","meta":[],"categories":[63],"tags":[],"_links":{"self":[{"href":"https:\/\/www.comunicatur.info\/es\/wp-json\/wp\/v2\/posts\/17718"}],"collection":[{"href":"https:\/\/www.comunicatur.info\/es\/wp-json\/wp\/v2\/posts"}],"about":[{"href":"https:\/\/www.comunicatur.info\/es\/wp-json\/wp\/v2\/types\/post"}],"author":[{"embeddable":true,"href":"https:\/\/www.comunicatur.info\/es\/wp-json\/wp\/v2\/users\/408"}],"replies":[{"embeddable":true,"href":"https:\/\/www.comunicatur.info\/es\/wp-json\/wp\/v2\/comments?post=17718"}],"version-history":[{"count":1,"href":"https:\/\/www.comunicatur.info\/es\/wp-json\/wp\/v2\/posts\/17718\/revisions"}],"predecessor-version":[{"id":17719,"href":"https:\/\/www.comunicatur.info\/es\/wp-json\/wp\/v2\/posts\/17718\/revisions\/17719"}],"wp:attachment":[{"href":"https:\/\/www.comunicatur.info\/es\/wp-json\/wp\/v2\/media?parent=17718"}],"wp:term":[{"taxonomy":"category","embeddable":true,"href":"https:\/\/www.comunicatur.info\/es\/wp-json\/wp\/v2\/categories?post=17718"},{"taxonomy":"post_tag","embeddable":true,"href":"https:\/\/www.comunicatur.info\/es\/wp-json\/wp\/v2\/tags?post=17718"}],"curies":[{"name":"wp","href":"https:\/\/api.w.org\/{rel}","templated":true}]}}