{"id":17676,"date":"2022-01-03T00:00:49","date_gmt":"2022-01-02T22:00:49","guid":{"rendered":"https:\/\/comunicatur.info\/?p=17676"},"modified":"2021-12-24T13:41:24","modified_gmt":"2021-12-24T11:41:24","slug":"radiografia-de-los-ingresos-turisticos-de-2021","status":"publish","type":"post","link":"https:\/\/www.comunicatur.info\/es\/radiografia-de-los-ingresos-turisticos-de-2021\/","title":{"rendered":"Radiograf\u00eda de los ingresos tur\u00edsticos de 2021"},"content":{"rendered":"<p>A\u00fan pendientes del balance oficial los datos que muestran las asociaciones empresariales espa\u00f1olas dedicadas al turismo desprenden unos datos de recuperaci\u00f3n poco homog\u00e9nea y que suma un descenso de los ingresos alrededor del 40%.<!--more--><\/p>\n<p><img class=\"alignright size-medium wp-image-17673\" src=\"https:\/\/www.comunicatur.info\/wp-content\/uploads\/2021\/12\/Costa_playa-300x225.jpg\" alt=\"\" width=\"300\" height=\"225\" srcset=\"https:\/\/www.comunicatur.info\/wp-content\/uploads\/2021\/12\/Costa_playa-300x225.jpg 300w, https:\/\/www.comunicatur.info\/wp-content\/uploads\/2021\/12\/Costa_playa-768x576.jpg 768w, https:\/\/www.comunicatur.info\/wp-content\/uploads\/2021\/12\/Costa_playa-1024x768.jpg 1024w, https:\/\/www.comunicatur.info\/wp-content\/uploads\/2021\/12\/Costa_playa-600x450.jpg 600w, https:\/\/www.comunicatur.info\/wp-content\/uploads\/2021\/12\/Costa_playa.jpg 2016w\" sizes=\"(max-width: 300px) 100vw, 300px\" \/>Un a\u00f1o de pandemia en el que se ha conseguido facturar un 60% como m\u00e1ximo durante el verano respecto a un a\u00f1o normal. Las rentabilidades de las empresas han sufrido; especialmente las agencias de viajes y los alojamientos situados en entornos urbanos.<\/p>\n<p>Los destinos de costa se han salvado relativamente al beneficiarse de la estacionalidad ya que el verano ha sido la \u00e9poca menos mala del a\u00f1o. En algunos territorios de litoral la ca\u00edda de ingresos s\u00f3lo fue del 20%. Los destinos con clientela tradicionalmente espa\u00f1ola han superado mejor el golpe y han podido mantener los precios de otros ejercicios.<\/p>\n<p>Pero entre los destinos de costa los m\u00e1s perjudicados han sido los que cuentan con m\u00e1s volumen de turismo internacional. Las restricciones impuestas a los viajes afectaron una parte importante del verano. Entre estos destinos con alta dependencia de la cartera de clientes extranjeros destacan Baleares, Canarias y Catalu\u00f1a.<\/p>\n<p>Los destinos espa\u00f1oles de interior y monta\u00f1a y en regiones de la cornisa cant\u00e1brica, los resultados de este ejercicio han sido excelentes. En muchos casos han registrado n\u00fameros por encima a los obtenidos antes de la llegada de la Covid-19. Se han comportado como oferta refugio para el turismo nacional que se ha desplazado en masa a estos destinos.<\/p>\n<p>En general, 2021 ha sido un a\u00f1o en el que un porcentaje muy elevado de los alojamientos han permanecido cerrados o han trabajado con intermitencias. Las ocupaciones medias en verano han llegado al 60% pero hay que tener en cuenta que un 19% de la planta alojativa estuvo cerrada.<\/p>\n<p>Las agencias de viajes han continuado su calvario iniciado en 2020. A pesar de la reactivaci\u00f3n del turismo en el segundo semestre del a\u00f1o 2021 en el mejor de los casos se han quedado en un 50% de la facturaci\u00f3n de 2019. Eso si no han tenido que cerrar el negocio en estos meses.<\/p>\n","protected":false},"excerpt":{"rendered":"<p>A\u00fan pendientes del balance oficial los datos que muestran las asociaciones empresariales espa\u00f1olas dedicadas al turismo desprenden unos datos de recuperaci\u00f3n poco homog\u00e9nea y que suma un descenso de los ingresos alrededor del 40%. Un a\u00f1o de pandemia en el que se ha conseguido facturar un 60% como m\u00e1ximo durante el verano respecto a un &hellip;<\/p>\n","protected":false},"author":408,"featured_media":0,"comment_status":"closed","ping_status":"open","sticky":false,"template":"","format":"standard","meta":[],"categories":[61,74],"tags":[],"_links":{"self":[{"href":"https:\/\/www.comunicatur.info\/es\/wp-json\/wp\/v2\/posts\/17676"}],"collection":[{"href":"https:\/\/www.comunicatur.info\/es\/wp-json\/wp\/v2\/posts"}],"about":[{"href":"https:\/\/www.comunicatur.info\/es\/wp-json\/wp\/v2\/types\/post"}],"author":[{"embeddable":true,"href":"https:\/\/www.comunicatur.info\/es\/wp-json\/wp\/v2\/users\/408"}],"replies":[{"embeddable":true,"href":"https:\/\/www.comunicatur.info\/es\/wp-json\/wp\/v2\/comments?post=17676"}],"version-history":[{"count":1,"href":"https:\/\/www.comunicatur.info\/es\/wp-json\/wp\/v2\/posts\/17676\/revisions"}],"predecessor-version":[{"id":17677,"href":"https:\/\/www.comunicatur.info\/es\/wp-json\/wp\/v2\/posts\/17676\/revisions\/17677"}],"wp:attachment":[{"href":"https:\/\/www.comunicatur.info\/es\/wp-json\/wp\/v2\/media?parent=17676"}],"wp:term":[{"taxonomy":"category","embeddable":true,"href":"https:\/\/www.comunicatur.info\/es\/wp-json\/wp\/v2\/categories?post=17676"},{"taxonomy":"post_tag","embeddable":true,"href":"https:\/\/www.comunicatur.info\/es\/wp-json\/wp\/v2\/tags?post=17676"}],"curies":[{"name":"wp","href":"https:\/\/api.w.org\/{rel}","templated":true}]}}