{"id":17590,"date":"2021-12-14T00:00:06","date_gmt":"2021-12-13T22:00:06","guid":{"rendered":"https:\/\/comunicatur.info\/?p=17590"},"modified":"2021-12-13T20:50:39","modified_gmt":"2021-12-13T18:50:39","slug":"mago-pop-se-alia-con-cataluna-para-hacer-promocion-turistica","status":"publish","type":"post","link":"https:\/\/www.comunicatur.info\/es\/mago-pop-se-alia-con-cataluna-para-hacer-promocion-turistica\/","title":{"rendered":"Mago Pop se al\u00eda con Catalu\u00f1a para hacer promoci\u00f3n tur\u00edstica"},"content":{"rendered":"<p>El ilusionista Antonio D\u00edaz, conocido internacionalmente como Mago Pop, es el protagonista de la nueva campa\u00f1a de promoci\u00f3n tur\u00edstica lazada por la Agencia Catalana de Turismo (ACT). Ha grabado una serie de v\u00eddeos donde cuenta con su voz e imagen los atractivos del destino catal\u00e1n.<!--more--><\/p>\n<p><img class=\"alignright size-medium wp-image-17588\" src=\"https:\/\/www.comunicatur.info\/wp-content\/uploads\/2021\/12\/Mago_Pop-300x150.jpg\" alt=\"\" width=\"300\" height=\"150\" srcset=\"https:\/\/www.comunicatur.info\/wp-content\/uploads\/2021\/12\/Mago_Pop-300x150.jpg 300w, https:\/\/www.comunicatur.info\/wp-content\/uploads\/2021\/12\/Mago_Pop-768x384.jpg 768w, https:\/\/www.comunicatur.info\/wp-content\/uploads\/2021\/12\/Mago_Pop.jpg 1024w, https:\/\/www.comunicatur.info\/wp-content\/uploads\/2021\/12\/Mago_Pop-600x300.jpg 600w\" sizes=\"(max-width: 300px) 100vw, 300px\" \/>El mago anima a los usuarios a \u201cIlusionarse viajando\u201d. Los tres anuncios son un repaso al destino a trav\u00e9s de paisajes, patrimonio y experiencias que se pueden vivir en Catalu\u00f1a. La campa\u00f1a va dirigida a los mercados tur\u00edsticos catal\u00e1n y espa\u00f1ol con el objetivo de potenciar la llegada de turistas de proximidad que actualmente pueden desplazarse m\u00e1s f\u00e1cilmente, sin ning\u00fan tipo de restricci\u00f3n en los viajes, seg\u00fan la ACT. En un futuro tambi\u00e9n utilizar\u00e1n la proyecci\u00f3n internacional de Antonio D\u00edaz para promocionar en el continente europeo y Estados Unidos.<\/p>\n<p>La Agencia Catalana suele sumar colaboraciones de personajes famosos tanto a nivel de Espa\u00f1a como internacionalmente que tienen un v\u00ednculo con Catalu\u00f1a. En este sentido el Mago Pop se suma a otros nombres como Gerard Piqu\u00e9, Kilian Jornet, Ricky Rubio, los hermanos Roca, Benedetta Tagliabue, Carles Puyol y Vanesa Lorenzo, Ren\u00e9 Barbier, Maria del Mar Bonet y Manel Esteller.<\/p>\n<p><center><iframe title=\"YouTube video player\" src=\"https:\/\/www.youtube.com\/embed\/_VigGDWRjKU\" width=\"560\" height=\"315\" frameborder=\"0\" allowfullscreen=\"allowfullscreen\"><\/iframe><\/center><\/p>\n","protected":false},"excerpt":{"rendered":"<p>El ilusionista Antonio D\u00edaz, conocido internacionalmente como Mago Pop, es el protagonista de la nueva campa\u00f1a de promoci\u00f3n tur\u00edstica lazada por la Agencia Catalana de Turismo (ACT). Ha grabado una serie de v\u00eddeos donde cuenta con su voz e imagen los atractivos del destino catal\u00e1n. El mago anima a los usuarios a \u201cIlusionarse viajando\u201d. Los &hellip;<\/p>\n","protected":false},"author":408,"featured_media":0,"comment_status":"closed","ping_status":"open","sticky":false,"template":"","format":"standard","meta":[],"categories":[62],"tags":[],"_links":{"self":[{"href":"https:\/\/www.comunicatur.info\/es\/wp-json\/wp\/v2\/posts\/17590"}],"collection":[{"href":"https:\/\/www.comunicatur.info\/es\/wp-json\/wp\/v2\/posts"}],"about":[{"href":"https:\/\/www.comunicatur.info\/es\/wp-json\/wp\/v2\/types\/post"}],"author":[{"embeddable":true,"href":"https:\/\/www.comunicatur.info\/es\/wp-json\/wp\/v2\/users\/408"}],"replies":[{"embeddable":true,"href":"https:\/\/www.comunicatur.info\/es\/wp-json\/wp\/v2\/comments?post=17590"}],"version-history":[{"count":1,"href":"https:\/\/www.comunicatur.info\/es\/wp-json\/wp\/v2\/posts\/17590\/revisions"}],"predecessor-version":[{"id":17591,"href":"https:\/\/www.comunicatur.info\/es\/wp-json\/wp\/v2\/posts\/17590\/revisions\/17591"}],"wp:attachment":[{"href":"https:\/\/www.comunicatur.info\/es\/wp-json\/wp\/v2\/media?parent=17590"}],"wp:term":[{"taxonomy":"category","embeddable":true,"href":"https:\/\/www.comunicatur.info\/es\/wp-json\/wp\/v2\/categories?post=17590"},{"taxonomy":"post_tag","embeddable":true,"href":"https:\/\/www.comunicatur.info\/es\/wp-json\/wp\/v2\/tags?post=17590"}],"curies":[{"name":"wp","href":"https:\/\/api.w.org\/{rel}","templated":true}]}}