{"id":17585,"date":"2021-12-13T00:00:03","date_gmt":"2021-12-12T22:00:03","guid":{"rendered":"https:\/\/comunicatur.info\/?p=17585"},"modified":"2021-12-12T12:22:19","modified_gmt":"2021-12-12T10:22:19","slug":"sigue-el-veto-al-alquiler-de-habitaciones-en-pisos-particulares-en-barcelona","status":"publish","type":"post","link":"https:\/\/www.comunicatur.info\/es\/sigue-el-veto-al-alquiler-de-habitaciones-en-pisos-particulares-en-barcelona\/","title":{"rendered":"Sigue el veto al alquiler de habitaciones en pisos particulares en Barcelona"},"content":{"rendered":"<p>La ciudad de Barcelona cuenta con cerca de 14.000 plazas de habitaciones tur\u00edsticas que se ofertan por internet. El ayuntamiento no quiere legalizarlas porque considera que la capacidad de alojamiento de la ciudad ya est\u00e1 superada.<!--more--><\/p>\n<p><img class=\"alignright size-medium wp-image-15534\" src=\"https:\/\/www.comunicatur.info\/wp-content\/uploads\/2020\/08\/habitacion2-300x200.jpg\" alt=\"\" width=\"300\" height=\"200\" srcset=\"https:\/\/www.comunicatur.info\/wp-content\/uploads\/2020\/08\/habitacion2-300x200.jpg 300w, https:\/\/www.comunicatur.info\/wp-content\/uploads\/2020\/08\/habitacion2.jpg 480w\" sizes=\"(max-width: 300px) 100vw, 300px\" \/>Para evitar su regularizaci\u00f3n el Plan Especial Urban\u00edstico de Alojamientos Tur\u00edsticos (PEUAT) mantiene su prohibici\u00f3n. As\u00ed pues, se mantendr\u00e1n en el limbo de la ilegalidad una cantidad ingente de habitaciones que se alquilan en plataformas como Airbnb.<\/p>\n<p>Las habitaciones compartidas que se alquilan por periodos inferiores a un mes no tendr\u00e1n encaje normativo en Barcelona, aunque el gobierno auton\u00f3mico aprob\u00f3 una ley en 2020 que las incorporaba como nueva f\u00f3rmula tur\u00edstica. Dejaba a los municipios la potestad de ordenar al respecto.<\/p>\n<p>El equipo de gobierno de la capital catalana ha decidido por ahora que los alquileres que se producen en casas donde el propietario comparte estancia con sus inquilinos turistas no tenga cobertura legal. Destierra por ahora los Bed&amp;Breakfast en Barcelona.<\/p>\n<p>Los grupos municipales de gobierno, PSC y Comunes, manten\u00edan una disputa al respecto de la regularizaci\u00f3n de este tipo de alquiler. Mientras los socialistas se mostraban favorables a su legalizaci\u00f3n ya que son una fuente de ingresos para particulares que complementan sus rentas, los Comunes, que fueron defensores de este tipo de alojamiento, ahora son contrarios a su legalizaci\u00f3n porque dicen que repercuten al alza los precios de la vivienda de alquiler.<\/p>\n<p>Ambos partidos explican que en un futuro estudiar\u00e1n una ordenanza espec\u00edfica, pero sin poner fecha. Uno de los retos a los que se enfrentar\u00e1n ahora las autoridades locales es a perseguir y sancionar a aquellas familias y particulares que est\u00e1n realizando ya el B&amp;B, muchas de ellas por necesidad.<\/p>\n","protected":false},"excerpt":{"rendered":"<p>La ciudad de Barcelona cuenta con cerca de 14.000 plazas de habitaciones tur\u00edsticas que se ofertan por internet. El ayuntamiento no quiere legalizarlas porque considera que la capacidad de alojamiento de la ciudad ya est\u00e1 superada. Para evitar su regularizaci\u00f3n el Plan Especial Urban\u00edstico de Alojamientos Tur\u00edsticos (PEUAT) mantiene su prohibici\u00f3n. As\u00ed pues, se mantendr\u00e1n &hellip;<\/p>\n","protected":false},"author":408,"featured_media":0,"comment_status":"closed","ping_status":"open","sticky":false,"template":"","format":"standard","meta":[],"categories":[62,59],"tags":[],"_links":{"self":[{"href":"https:\/\/www.comunicatur.info\/es\/wp-json\/wp\/v2\/posts\/17585"}],"collection":[{"href":"https:\/\/www.comunicatur.info\/es\/wp-json\/wp\/v2\/posts"}],"about":[{"href":"https:\/\/www.comunicatur.info\/es\/wp-json\/wp\/v2\/types\/post"}],"author":[{"embeddable":true,"href":"https:\/\/www.comunicatur.info\/es\/wp-json\/wp\/v2\/users\/408"}],"replies":[{"embeddable":true,"href":"https:\/\/www.comunicatur.info\/es\/wp-json\/wp\/v2\/comments?post=17585"}],"version-history":[{"count":1,"href":"https:\/\/www.comunicatur.info\/es\/wp-json\/wp\/v2\/posts\/17585\/revisions"}],"predecessor-version":[{"id":17586,"href":"https:\/\/www.comunicatur.info\/es\/wp-json\/wp\/v2\/posts\/17585\/revisions\/17586"}],"wp:attachment":[{"href":"https:\/\/www.comunicatur.info\/es\/wp-json\/wp\/v2\/media?parent=17585"}],"wp:term":[{"taxonomy":"category","embeddable":true,"href":"https:\/\/www.comunicatur.info\/es\/wp-json\/wp\/v2\/categories?post=17585"},{"taxonomy":"post_tag","embeddable":true,"href":"https:\/\/www.comunicatur.info\/es\/wp-json\/wp\/v2\/tags?post=17585"}],"curies":[{"name":"wp","href":"https:\/\/api.w.org\/{rel}","templated":true}]}}