{"id":17519,"date":"2021-12-01T00:00:13","date_gmt":"2021-11-30T22:00:13","guid":{"rendered":"https:\/\/comunicatur.info\/?p=17519"},"modified":"2021-11-29T20:53:45","modified_gmt":"2021-11-29T18:53:45","slug":"el-turismo-rural-de-girona-estrena-la-central-de-reservas-turalgi","status":"publish","type":"post","link":"https:\/\/www.comunicatur.info\/es\/el-turismo-rural-de-girona-estrena-la-central-de-reservas-turalgi\/","title":{"rendered":"El turismo rural de Girona estrena la central de reservas TuralGi"},"content":{"rendered":"<p>Las casas rurales de Gerona han inaugurado una central de reservas propia para desmarcarse de las plataformas tradicionales. La iniciativa de la Asociaci\u00f3n de Casas de Turismo Rural de Girona-Costa Brava-Pirineo que aglutina a m\u00e1s de 130 propietarios de casas de pay\u00e9s y alojamientos rurales, aunque la nueva central de reservas nace con una treintena de casas.<!--more--><\/p>\n<p><img class=\"alignright size-medium wp-image-17516\" src=\"https:\/\/www.comunicatur.info\/wp-content\/uploads\/2021\/11\/TuralGi-300x165.jpg\" alt=\"\" width=\"300\" height=\"165\" srcset=\"https:\/\/www.comunicatur.info\/wp-content\/uploads\/2021\/11\/TuralGi-300x165.jpg 300w, https:\/\/www.comunicatur.info\/wp-content\/uploads\/2021\/11\/TuralGi-768x423.jpg 768w, https:\/\/www.comunicatur.info\/wp-content\/uploads\/2021\/11\/TuralGi-1024x564.jpg 1024w, https:\/\/www.comunicatur.info\/wp-content\/uploads\/2021\/11\/TuralGi-600x331.jpg 600w, https:\/\/www.comunicatur.info\/wp-content\/uploads\/2021\/11\/TuralGi-594x325.jpg 594w, https:\/\/www.comunicatur.info\/wp-content\/uploads\/2021\/11\/TuralGi.jpg 1258w\" sizes=\"(max-width: 300px) 100vw, 300px\" \/>Todos los establecimientos integrados en <a href=\"https:\/\/www.turalgi.com\/\" target=\"_blank\" rel=\"noopener\">TuralGi<\/a> son de la provincia de Gerona y est\u00e1n convenientemente legalizadas. Por ahora el volumen de casas que ha apostado por integrarse en la central es reducido, pero esperan llegar a los setenta al finalizar el a\u00f1o. \u00c9stos se encuentran emplazados en municipios de menos de 2.000 habitantes de la Costa Brava, el Interior y el Pirineo de Girona.<\/p>\n<p>Las reservas se realizan a trav\u00e9s de la web y su tramitaci\u00f3n es siempre online. Los hu\u00e9spedes pueden elegir entre casas que se alquilan \u00edntegras o por habitaciones. La plataforma <a href=\"https:\/\/www.turalgi.com\/\" target=\"_blank\" rel=\"noopener\">TuralGi<\/a> est\u00e1 conectada a otros sistemas de gesti\u00f3n de reservas, con lo que los establecimientos tienen m\u00e1s f\u00e1cil poder compatibilizar su presencia en diferentes centrales.<\/p>\n<p>Los propietarios que impulsan el proyecto quieren que se les conozca como los de las casas rurales \u00abaut\u00e9nticas\u00bb. TuralGi no lo va a tener f\u00e1cil. El futuro de esta nueva central depender\u00e1 del grado de conocimiento que pueda tener entre los usuarios y en el entorno digital actual esto pasa por grandes inversiones en posicionamiento publicitario en internet.<\/p>\n","protected":false},"excerpt":{"rendered":"<p>Las casas rurales de Gerona han inaugurado una central de reservas propia para desmarcarse de las plataformas tradicionales. La iniciativa de la Asociaci\u00f3n de Casas de Turismo Rural de Girona-Costa Brava-Pirineo que aglutina a m\u00e1s de 130 propietarios de casas de pay\u00e9s y alojamientos rurales, aunque la nueva central de reservas nace con una treintena &hellip;<\/p>\n","protected":false},"author":408,"featured_media":0,"comment_status":"closed","ping_status":"open","sticky":false,"template":"","format":"standard","meta":[],"categories":[59],"tags":[],"_links":{"self":[{"href":"https:\/\/www.comunicatur.info\/es\/wp-json\/wp\/v2\/posts\/17519"}],"collection":[{"href":"https:\/\/www.comunicatur.info\/es\/wp-json\/wp\/v2\/posts"}],"about":[{"href":"https:\/\/www.comunicatur.info\/es\/wp-json\/wp\/v2\/types\/post"}],"author":[{"embeddable":true,"href":"https:\/\/www.comunicatur.info\/es\/wp-json\/wp\/v2\/users\/408"}],"replies":[{"embeddable":true,"href":"https:\/\/www.comunicatur.info\/es\/wp-json\/wp\/v2\/comments?post=17519"}],"version-history":[{"count":1,"href":"https:\/\/www.comunicatur.info\/es\/wp-json\/wp\/v2\/posts\/17519\/revisions"}],"predecessor-version":[{"id":17520,"href":"https:\/\/www.comunicatur.info\/es\/wp-json\/wp\/v2\/posts\/17519\/revisions\/17520"}],"wp:attachment":[{"href":"https:\/\/www.comunicatur.info\/es\/wp-json\/wp\/v2\/media?parent=17519"}],"wp:term":[{"taxonomy":"category","embeddable":true,"href":"https:\/\/www.comunicatur.info\/es\/wp-json\/wp\/v2\/categories?post=17519"},{"taxonomy":"post_tag","embeddable":true,"href":"https:\/\/www.comunicatur.info\/es\/wp-json\/wp\/v2\/tags?post=17519"}],"curies":[{"name":"wp","href":"https:\/\/api.w.org\/{rel}","templated":true}]}}