{"id":17499,"date":"2021-11-24T00:00:15","date_gmt":"2021-11-23T22:00:15","guid":{"rendered":"https:\/\/comunicatur.info\/?p=17499"},"modified":"2021-11-22T18:48:25","modified_gmt":"2021-11-22T16:48:25","slug":"sin-noticias-de-los-fondos-europeos-para-las-pequenas-empresas-turisticas","status":"publish","type":"post","link":"https:\/\/www.comunicatur.info\/es\/sin-noticias-de-los-fondos-europeos-para-las-pequenas-empresas-turisticas\/","title":{"rendered":"Sin noticias de los fondos europeos para las peque\u00f1as empresas tur\u00edsticas"},"content":{"rendered":"<p>Las Pymes tur\u00edsticas no saben c\u00f3mo beneficiarse de los fondos Next Generation. El gobierno ha aprobado nuevas partidas de los fondos para la Sostenibilidad de Destinos Tur\u00edsticos, pero no para las empresas, que temen quedarse fuera.<!--more--><\/p>\n<p><img class=\"alignright size-medium wp-image-17496\" src=\"https:\/\/www.comunicatur.info\/wp-content\/uploads\/2021\/11\/Rprensa_ConsejoMinistros-300x176.jpg\" alt=\"\" width=\"300\" height=\"176\" srcset=\"https:\/\/www.comunicatur.info\/wp-content\/uploads\/2021\/11\/Rprensa_ConsejoMinistros-300x176.jpg 300w, https:\/\/www.comunicatur.info\/wp-content\/uploads\/2021\/11\/Rprensa_ConsejoMinistros.jpg 480w\" sizes=\"(max-width: 300px) 100vw, 300px\" \/>El presidente de la Confederaci\u00f3n Espa\u00f1ola de Hoteles y Alojamientos Tur\u00edsticos (Cehat), Jorge Marichal, ya ha advertido que los fondos europeos deben llegar a los empresarios. Teme que pasen de perfil y no lleguen a las Pymes desaprovechando una oportunidad \u00fanica.<\/p>\n<p>El Consejo de Ministros ha aprobado 615 millones de euros para los Planes de Sostenibilidad Tur\u00edstica en destino provenientes de estos fondos europeos. La partida se invertir\u00e1 antes de finalizar este a\u00f1o y se destinar\u00e1 entre los m\u00e1s de 500 proyectos que est\u00e1 evaluando el ministerio.<\/p>\n<p>Para las empresas privadas las ayudas europeas no son claras ni sencillas de solicitar. El desconocimiento por parte de las peque\u00f1as empresas tur\u00edsticas es total y dan por perdido poder optar a alguna partida. El gobierno destinar\u00e1 partidas menores a la digitalizaci\u00f3n y hasta ahora ha puesto a disposici\u00f3n durante la pandemia 6.124 millones de euros, pero en cr\u00e9ditos ICO.<\/p>\n","protected":false},"excerpt":{"rendered":"<p>Las Pymes tur\u00edsticas no saben c\u00f3mo beneficiarse de los fondos Next Generation. El gobierno ha aprobado nuevas partidas de los fondos para la Sostenibilidad de Destinos Tur\u00edsticos, pero no para las empresas, que temen quedarse fuera. El presidente de la Confederaci\u00f3n Espa\u00f1ola de Hoteles y Alojamientos Tur\u00edsticos (Cehat), Jorge Marichal, ya ha advertido que los &hellip;<\/p>\n","protected":false},"author":408,"featured_media":0,"comment_status":"closed","ping_status":"open","sticky":false,"template":"","format":"standard","meta":[],"categories":[61],"tags":[],"_links":{"self":[{"href":"https:\/\/www.comunicatur.info\/es\/wp-json\/wp\/v2\/posts\/17499"}],"collection":[{"href":"https:\/\/www.comunicatur.info\/es\/wp-json\/wp\/v2\/posts"}],"about":[{"href":"https:\/\/www.comunicatur.info\/es\/wp-json\/wp\/v2\/types\/post"}],"author":[{"embeddable":true,"href":"https:\/\/www.comunicatur.info\/es\/wp-json\/wp\/v2\/users\/408"}],"replies":[{"embeddable":true,"href":"https:\/\/www.comunicatur.info\/es\/wp-json\/wp\/v2\/comments?post=17499"}],"version-history":[{"count":1,"href":"https:\/\/www.comunicatur.info\/es\/wp-json\/wp\/v2\/posts\/17499\/revisions"}],"predecessor-version":[{"id":17500,"href":"https:\/\/www.comunicatur.info\/es\/wp-json\/wp\/v2\/posts\/17499\/revisions\/17500"}],"wp:attachment":[{"href":"https:\/\/www.comunicatur.info\/es\/wp-json\/wp\/v2\/media?parent=17499"}],"wp:term":[{"taxonomy":"category","embeddable":true,"href":"https:\/\/www.comunicatur.info\/es\/wp-json\/wp\/v2\/categories?post=17499"},{"taxonomy":"post_tag","embeddable":true,"href":"https:\/\/www.comunicatur.info\/es\/wp-json\/wp\/v2\/tags?post=17499"}],"curies":[{"name":"wp","href":"https:\/\/api.w.org\/{rel}","templated":true}]}}