{"id":17493,"date":"2021-11-26T00:00:52","date_gmt":"2021-11-25T22:00:52","guid":{"rendered":"https:\/\/comunicatur.info\/?p=17493"},"modified":"2021-11-22T22:59:02","modified_gmt":"2021-11-22T20:59:02","slug":"vueling-incorpora-novedades-antipaticas-de-facturacion-de-equipaje","status":"publish","type":"post","link":"https:\/\/www.comunicatur.info\/es\/vueling-incorpora-novedades-antipaticas-de-facturacion-de-equipaje\/","title":{"rendered":"Vueling incorpora novedades antip\u00e1ticas de facturaci\u00f3n de equipaje"},"content":{"rendered":"<p>La compa\u00f1\u00eda Vueling quiere introducir precios por la facturaci\u00f3n de maletas seg\u00fan su peso. Una medida que pone m\u00e1s inconvenientes a los clientes que ahora tambi\u00e9n tendr\u00e1n que estar pendientes del peso exacto de su equipaje.<!--more--><\/p>\n<p><img class=\"alignright size-medium wp-image-12583\" src=\"https:\/\/www.comunicatur.info\/wp-content\/uploads\/2018\/08\/Vueling_Prat-300x224.jpg\" alt=\"\" width=\"300\" height=\"224\" srcset=\"https:\/\/www.comunicatur.info\/wp-content\/uploads\/2018\/08\/Vueling_Prat-300x224.jpg 300w, https:\/\/www.comunicatur.info\/wp-content\/uploads\/2018\/08\/Vueling_Prat-768x574.jpg 768w, https:\/\/www.comunicatur.info\/wp-content\/uploads\/2018\/08\/Vueling_Prat-1024x765.jpg 1024w, https:\/\/www.comunicatur.info\/wp-content\/uploads\/2018\/08\/Vueling_Prat-600x449.jpg 600w, https:\/\/www.comunicatur.info\/wp-content\/uploads\/2018\/08\/Vueling_Prat.jpg 1600w\" sizes=\"(max-width: 300px) 100vw, 300px\" \/>Con la excusa de estimular a los viajeros a buscar los billetes m\u00e1s econ\u00f3micos han decidido ofrecer diferentes opciones de precio para las maletas que viajan en la bodega del avi\u00f3n. Ha dividido su equipaje en tramos de 15, 20, 25 y 30 kilos y el precio m\u00e1s bajo ser\u00e1 de 8 euros. Con fracciones de s\u00f3lo 5 kilos de diferencia la incomodidad ser\u00e1 m\u00e1xima y denotan claramente el af\u00e1n de conseguir incrementar el importe del ticket por viajero.<\/p>\n<p>Por otra parte, ha anunciado que a los clientes la tarifa Basic les mantendr\u00e1 la decisi\u00f3n de limitarles el n\u00famero de piezas de equipaje en cabina. S\u00f3lo podr\u00e1n llevar un mini equipaje de mano (40x20x30 cm) que deben situarlo debajo del asiento.<\/p>\n<p>La aerol\u00ednea del grupo IAG est\u00e1 orientando su imagen a las tradicionales low cost recordando el estilo m\u00e1s antip\u00e1tico que practicaba Ryanair. Unas pr\u00e1cticas que la compa\u00f1\u00eda irlandesa abandon\u00f3 hace tiempo al considerarla no efectiva.<\/p>\n","protected":false},"excerpt":{"rendered":"<p>La compa\u00f1\u00eda Vueling quiere introducir precios por la facturaci\u00f3n de maletas seg\u00fan su peso. Una medida que pone m\u00e1s inconvenientes a los clientes que ahora tambi\u00e9n tendr\u00e1n que estar pendientes del peso exacto de su equipaje. Con la excusa de estimular a los viajeros a buscar los billetes m\u00e1s econ\u00f3micos han decidido ofrecer diferentes opciones &hellip;<\/p>\n","protected":false},"author":408,"featured_media":0,"comment_status":"closed","ping_status":"open","sticky":false,"template":"","format":"standard","meta":[],"categories":[61,65],"tags":[],"_links":{"self":[{"href":"https:\/\/www.comunicatur.info\/es\/wp-json\/wp\/v2\/posts\/17493"}],"collection":[{"href":"https:\/\/www.comunicatur.info\/es\/wp-json\/wp\/v2\/posts"}],"about":[{"href":"https:\/\/www.comunicatur.info\/es\/wp-json\/wp\/v2\/types\/post"}],"author":[{"embeddable":true,"href":"https:\/\/www.comunicatur.info\/es\/wp-json\/wp\/v2\/users\/408"}],"replies":[{"embeddable":true,"href":"https:\/\/www.comunicatur.info\/es\/wp-json\/wp\/v2\/comments?post=17493"}],"version-history":[{"count":1,"href":"https:\/\/www.comunicatur.info\/es\/wp-json\/wp\/v2\/posts\/17493\/revisions"}],"predecessor-version":[{"id":17494,"href":"https:\/\/www.comunicatur.info\/es\/wp-json\/wp\/v2\/posts\/17493\/revisions\/17494"}],"wp:attachment":[{"href":"https:\/\/www.comunicatur.info\/es\/wp-json\/wp\/v2\/media?parent=17493"}],"wp:term":[{"taxonomy":"category","embeddable":true,"href":"https:\/\/www.comunicatur.info\/es\/wp-json\/wp\/v2\/categories?post=17493"},{"taxonomy":"post_tag","embeddable":true,"href":"https:\/\/www.comunicatur.info\/es\/wp-json\/wp\/v2\/tags?post=17493"}],"curies":[{"name":"wp","href":"https:\/\/api.w.org\/{rel}","templated":true}]}}