{"id":17456,"date":"2021-11-10T00:00:49","date_gmt":"2021-11-09T22:00:49","guid":{"rendered":"https:\/\/comunicatur.info\/?p=17456"},"modified":"2021-11-08T17:06:23","modified_gmt":"2021-11-08T15:06:23","slug":"los-viajes-del-imserso-hasta-mediados-de-diciembre-como-minimo","status":"publish","type":"post","link":"https:\/\/www.comunicatur.info\/es\/los-viajes-del-imserso-hasta-mediados-de-diciembre-como-minimo\/","title":{"rendered":"Los viajes del Imserso, hasta mediados de diciembre como m\u00ednimo"},"content":{"rendered":"<p>La puesta en marcha del programa de viajes del Imserso sigue acumulando retraso. El nuevo calendario sit\u00faa en el pr\u00f3ximo mes de diciembre el momento para iniciar su comercializaci\u00f3n, tres meses m\u00e1s tarde de lo previsto.<!--more--><\/p>\n<p><img class=\"alignright size-medium wp-image-17309\" src=\"https:\/\/www.comunicatur.info\/wp-content\/uploads\/2021\/10\/senior-Imserso-300x200.jpg\" alt=\"\" width=\"300\" height=\"200\" srcset=\"https:\/\/www.comunicatur.info\/wp-content\/uploads\/2021\/10\/senior-Imserso-300x200.jpg 300w, https:\/\/www.comunicatur.info\/wp-content\/uploads\/2021\/10\/senior-Imserso-600x399.jpg 600w, https:\/\/www.comunicatur.info\/wp-content\/uploads\/2021\/10\/senior-Imserso.jpg 640w\" sizes=\"(max-width: 300px) 100vw, 300px\" \/>Pero a\u00fan podr\u00eda retrasarse m\u00e1s si las licitadoras vuelven a recurrir. As\u00ed lo explican algunos empresarios del sector que calculan que si se da la situaci\u00f3n se pasar\u00eda de diciembre a mediados o finales de enero. El Ministerio de Derechos Sociales, que es el encargado del programa del Imserso, hizo la adjudicaci\u00f3n definitiva repitiendo empresas: Mundiplan para los lotes de los destinos de costa peninsular e insular y \u00c1voris-Turismo Social para el lote de turismo interior y procedencia europea.<\/p>\n<p>El caso es que parece imposible que este concurso pueda planificarse correctamente y cumplir los plazos que se han definido en el calendario. El programa para la temporada 2021-2022 deber\u00eda haber empezado a mediados de septiembre y ahora pr\u00e1cticamente se habr\u00e1 comido los primeros d\u00edgitos del per\u00edodo y en 2021 deber\u00eda desaparecer del calendario.<\/p>\n<p>Los mayores siguen a la espera para reservar las 816.000 plazas que pone a disposici\u00f3n el programa. La comercializaci\u00f3n de los paquetes en las agencias acreditadas sigue pendiente. Mundiplan ha ganado la adjudicaci\u00f3n del 82% de los viajes (674.000 plazas) y \u00c1voris se ha llevado un porcentaje menor con 142.000 plazas.<\/p>\n","protected":false},"excerpt":{"rendered":"<p>La puesta en marcha del programa de viajes del Imserso sigue acumulando retraso. El nuevo calendario sit\u00faa en el pr\u00f3ximo mes de diciembre el momento para iniciar su comercializaci\u00f3n, tres meses m\u00e1s tarde de lo previsto. Pero a\u00fan podr\u00eda retrasarse m\u00e1s si las licitadoras vuelven a recurrir. As\u00ed lo explican algunos empresarios del sector que &hellip;<\/p>\n","protected":false},"author":408,"featured_media":0,"comment_status":"closed","ping_status":"open","sticky":false,"template":"","format":"standard","meta":[],"categories":[66],"tags":[],"_links":{"self":[{"href":"https:\/\/www.comunicatur.info\/es\/wp-json\/wp\/v2\/posts\/17456"}],"collection":[{"href":"https:\/\/www.comunicatur.info\/es\/wp-json\/wp\/v2\/posts"}],"about":[{"href":"https:\/\/www.comunicatur.info\/es\/wp-json\/wp\/v2\/types\/post"}],"author":[{"embeddable":true,"href":"https:\/\/www.comunicatur.info\/es\/wp-json\/wp\/v2\/users\/408"}],"replies":[{"embeddable":true,"href":"https:\/\/www.comunicatur.info\/es\/wp-json\/wp\/v2\/comments?post=17456"}],"version-history":[{"count":1,"href":"https:\/\/www.comunicatur.info\/es\/wp-json\/wp\/v2\/posts\/17456\/revisions"}],"predecessor-version":[{"id":17457,"href":"https:\/\/www.comunicatur.info\/es\/wp-json\/wp\/v2\/posts\/17456\/revisions\/17457"}],"wp:attachment":[{"href":"https:\/\/www.comunicatur.info\/es\/wp-json\/wp\/v2\/media?parent=17456"}],"wp:term":[{"taxonomy":"category","embeddable":true,"href":"https:\/\/www.comunicatur.info\/es\/wp-json\/wp\/v2\/categories?post=17456"},{"taxonomy":"post_tag","embeddable":true,"href":"https:\/\/www.comunicatur.info\/es\/wp-json\/wp\/v2\/tags?post=17456"}],"curies":[{"name":"wp","href":"https:\/\/api.w.org\/{rel}","templated":true}]}}