{"id":17450,"date":"2021-11-12T00:00:40","date_gmt":"2021-11-11T22:00:40","guid":{"rendered":"https:\/\/comunicatur.info\/?p=17450"},"modified":"2021-11-12T08:03:02","modified_gmt":"2021-11-12T06:03:02","slug":"destino-21-el-primer-congreso-nacional-de-turismo-y-periodismo-tendra-lugar-en-benidorm-el-2-de-diciembre","status":"publish","type":"post","link":"https:\/\/www.comunicatur.info\/es\/destino-21-el-primer-congreso-nacional-de-turismo-y-periodismo-tendra-lugar-en-benidorm-el-2-de-diciembre\/","title":{"rendered":"Destino-21, el primer Congreso Nacional de Turismo y Periodismo tendr\u00e1 lugar en Benidorm el 2 de diciembre"},"content":{"rendered":"<p>En plena efervescencia de jornadas, congresos y encuentros tur\u00edsticos postpandemia se acaba de anunciar la celebraci\u00f3n del I Congreso Nacional de Turismo y Periodismo.<!--more--><\/p>\n<p><a href=\"https:\/\/destino21.es\/\" target=\"_blank\" rel=\"noopener noreferrer\"><img class=\"alignright size-medium wp-image-17446\" src=\"https:\/\/www.comunicatur.info\/wp-content\/uploads\/2021\/11\/cartel-destino-21-212x300.jpg\" alt=\"\" width=\"212\" height=\"300\" srcset=\"https:\/\/www.comunicatur.info\/wp-content\/uploads\/2021\/11\/cartel-destino-21-212x300.jpg 212w, https:\/\/www.comunicatur.info\/wp-content\/uploads\/2021\/11\/cartel-destino-21-768x1086.jpg 768w, https:\/\/www.comunicatur.info\/wp-content\/uploads\/2021\/11\/cartel-destino-21-724x1024.jpg 724w, https:\/\/www.comunicatur.info\/wp-content\/uploads\/2021\/11\/cartel-destino-21-600x849.jpg 600w, https:\/\/www.comunicatur.info\/wp-content\/uploads\/2021\/11\/cartel-destino-21.jpg 1240w\" sizes=\"(max-width: 212px) 100vw, 212px\" \/><\/a>El certamen est\u00e1 organizado por el Ayuntamiento de Benidorm y <a href=\"https:\/\/www.en.visitbenidorm.es\/\" target=\"_blank\" rel=\"noopener\">Visit Benidorm<\/a>, que actuar\u00e1n de anfitriones; la consultora de gesti\u00f3n de activos tur\u00edsticos <a href=\"https:\/\/sergestur-turism.negocio.site\/\" target=\"_blank\" rel=\"noopener\">Sergestur<\/a> y la <a href=\"https:\/\/web.ua.es\/es\/pedrozaragoza\/catedra.html\" target=\"_blank\" rel=\"noopener\">C\u00e1tedra de Estudios Tur\u00edsticos<\/a> \u201cPedro Zaragoza Orts\u201d de la Universidad de Alicante.<\/p>\n<p>El objetivo es debatir sobre el futuro del periodismo y del turismo a partir del tratamiento informativo de las noticias tur\u00edsticas y su implicaci\u00f3n en otros sectores como la econom\u00eda, la sociedad o los cambios en los modelos de comunicaci\u00f3n. En este sentido se hablar\u00e1 de los nuevos formatos, los creadores de contenidos o la llegada al sector de blogueros e influentes.<\/p>\n<p>Aunque enfocado al mundo period\u00edstico en general, los organizadores tambi\u00e9n esperan atraer a instituciones de gesti\u00f3n tur\u00edstica territorial, empresas y asociaciones del sector, as\u00ed como a estudiantes de turismo y periodismo.<\/p>\n<p>El congreso contar\u00e1 con diferentes profesionales del sector, destacando la presencia de varios responsables del sector hotelero, as\u00ed como grandes expertos como Ignacio Vasallo y naturalmente varios periodistas y comunicadores.<br \/>\nEl programa incluye los siguientes temas:<\/p>\n<ul>\n<li>Futuro, turismo, periodismo<br \/>\n\u2022 Destinos tur\u00edsticos: econom\u00eda, comunicaci\u00f3n y sociedad<br \/>\n\u2022 Entre algoritmos y<em> fakes<\/em><br \/>\n\u2022 Cambio de modelo en la comunicaci\u00f3n tur\u00edstica<br \/>\n\u2022 Informaci\u00f3n en tiempo real<\/li>\n<\/ul>\n<p>Destino 21 es un congreso gratuito y tendr\u00e1 un formato mixto, presencial y virtual.<br \/>\nTen\u00e9is m\u00e1s informaci\u00f3n sobre el programa, los ponentes y el formulario de inscripci\u00f3n en la <a href=\"https:\/\/destino21.es\/\" target=\"_blank\" rel=\"noopener\">web Destino 21.<\/a><\/p>\n","protected":false},"excerpt":{"rendered":"<p>En plena efervescencia de jornadas, congresos y encuentros tur\u00edsticos postpandemia se acaba de anunciar la celebraci\u00f3n del I Congreso Nacional de Turismo y Periodismo. El certamen est\u00e1 organizado por el Ayuntamiento de Benidorm y Visit Benidorm, que actuar\u00e1n de anfitriones; la consultora de gesti\u00f3n de activos tur\u00edsticos Sergestur y la C\u00e1tedra de Estudios Tur\u00edsticos \u201cPedro &hellip;<\/p>\n","protected":false},"author":408,"featured_media":0,"comment_status":"closed","ping_status":"open","sticky":false,"template":"","format":"standard","meta":[],"categories":[63],"tags":[],"_links":{"self":[{"href":"https:\/\/www.comunicatur.info\/es\/wp-json\/wp\/v2\/posts\/17450"}],"collection":[{"href":"https:\/\/www.comunicatur.info\/es\/wp-json\/wp\/v2\/posts"}],"about":[{"href":"https:\/\/www.comunicatur.info\/es\/wp-json\/wp\/v2\/types\/post"}],"author":[{"embeddable":true,"href":"https:\/\/www.comunicatur.info\/es\/wp-json\/wp\/v2\/users\/408"}],"replies":[{"embeddable":true,"href":"https:\/\/www.comunicatur.info\/es\/wp-json\/wp\/v2\/comments?post=17450"}],"version-history":[{"count":2,"href":"https:\/\/www.comunicatur.info\/es\/wp-json\/wp\/v2\/posts\/17450\/revisions"}],"predecessor-version":[{"id":17452,"href":"https:\/\/www.comunicatur.info\/es\/wp-json\/wp\/v2\/posts\/17450\/revisions\/17452"}],"wp:attachment":[{"href":"https:\/\/www.comunicatur.info\/es\/wp-json\/wp\/v2\/media?parent=17450"}],"wp:term":[{"taxonomy":"category","embeddable":true,"href":"https:\/\/www.comunicatur.info\/es\/wp-json\/wp\/v2\/categories?post=17450"},{"taxonomy":"post_tag","embeddable":true,"href":"https:\/\/www.comunicatur.info\/es\/wp-json\/wp\/v2\/tags?post=17450"}],"curies":[{"name":"wp","href":"https:\/\/api.w.org\/{rel}","templated":true}]}}