{"id":17443,"date":"2021-11-05T00:00:42","date_gmt":"2021-11-04T22:00:42","guid":{"rendered":"https:\/\/comunicatur.info\/?p=17443"},"modified":"2021-11-03T20:17:03","modified_gmt":"2021-11-03T18:17:03","slug":"el-espectacular-comportamiento-de-los-campings-de-lleida","status":"publish","type":"post","link":"https:\/\/www.comunicatur.info\/es\/el-espectacular-comportamiento-de-los-campings-de-lleida\/","title":{"rendered":"El espectacular comportamiento de los campings de Lleida"},"content":{"rendered":"<p>Los datos del Instituto Nacional de Estad\u00edstica para la provincia de Lleida son asombrosos. Ha logrado un r\u00e9cord hist\u00f3rico de pernoctaciones. La pandemia y el comportamiento de los consumidores ha tra\u00eddo el mayor \u00e9xito del sector tur\u00edstico leridano.<!--more--><\/p>\n<p><img class=\"alignright size-medium wp-image-15525\" src=\"https:\/\/www.comunicatur.info\/wp-content\/uploads\/2020\/08\/camping_Lleida_muntanya_Pirineus-300x200.jpg\" alt=\"\" width=\"300\" height=\"200\" srcset=\"https:\/\/www.comunicatur.info\/wp-content\/uploads\/2020\/08\/camping_Lleida_muntanya_Pirineus-300x200.jpg 300w, https:\/\/www.comunicatur.info\/wp-content\/uploads\/2020\/08\/camping_Lleida_muntanya_Pirineus-768x512.jpg 768w, https:\/\/www.comunicatur.info\/wp-content\/uploads\/2020\/08\/camping_Lleida_muntanya_Pirineus-1024x683.jpg 1024w, https:\/\/www.comunicatur.info\/wp-content\/uploads\/2020\/08\/camping_Lleida_muntanya_Pirineus-600x400.jpg 600w, https:\/\/www.comunicatur.info\/wp-content\/uploads\/2020\/08\/camping_Lleida_muntanya_Pirineus.jpg 1200w\" sizes=\"(max-width: 300px) 100vw, 300px\" \/>Durante el verano, los establecimientos de alojamiento han obtenido 1,5 millones de pernoctaciones, la cifra m\u00e1s alta de la historia, un 8% m\u00e1s que en 2019. El comportamiento de los campings ha sido especialmente bueno. Los clientes de los campings leridanos han hecho m\u00e1s de 600.000 pernoctaciones, pr\u00e1cticamente un 30% m\u00e1s que en 2019 antes de la Covid.<\/p>\n<p>As\u00ed, los datos reflejan que los turistas han buscado actividades en la naturaleza y en espacios abiertos. La asignatura pendiente en Lleida es el turismo internacional. Aunque se ha recuperado respecto al a\u00f1o pasado, los visitantes extranjeros de este verano en las comarcas leridanas han supuesto un 10,2% del total cuando este porcentaje sub\u00eda hasta el 18% en 2019.<\/p>\n","protected":false},"excerpt":{"rendered":"<p>Los datos del Instituto Nacional de Estad\u00edstica para la provincia de Lleida son asombrosos. Ha logrado un r\u00e9cord hist\u00f3rico de pernoctaciones. La pandemia y el comportamiento de los consumidores ha tra\u00eddo el mayor \u00e9xito del sector tur\u00edstico leridano. Durante el verano, los establecimientos de alojamiento han obtenido 1,5 millones de pernoctaciones, la cifra m\u00e1s alta &hellip;<\/p>\n","protected":false},"author":408,"featured_media":0,"comment_status":"closed","ping_status":"open","sticky":false,"template":"","format":"standard","meta":[],"categories":[59,74],"tags":[],"_links":{"self":[{"href":"https:\/\/www.comunicatur.info\/es\/wp-json\/wp\/v2\/posts\/17443"}],"collection":[{"href":"https:\/\/www.comunicatur.info\/es\/wp-json\/wp\/v2\/posts"}],"about":[{"href":"https:\/\/www.comunicatur.info\/es\/wp-json\/wp\/v2\/types\/post"}],"author":[{"embeddable":true,"href":"https:\/\/www.comunicatur.info\/es\/wp-json\/wp\/v2\/users\/408"}],"replies":[{"embeddable":true,"href":"https:\/\/www.comunicatur.info\/es\/wp-json\/wp\/v2\/comments?post=17443"}],"version-history":[{"count":1,"href":"https:\/\/www.comunicatur.info\/es\/wp-json\/wp\/v2\/posts\/17443\/revisions"}],"predecessor-version":[{"id":17444,"href":"https:\/\/www.comunicatur.info\/es\/wp-json\/wp\/v2\/posts\/17443\/revisions\/17444"}],"wp:attachment":[{"href":"https:\/\/www.comunicatur.info\/es\/wp-json\/wp\/v2\/media?parent=17443"}],"wp:term":[{"taxonomy":"category","embeddable":true,"href":"https:\/\/www.comunicatur.info\/es\/wp-json\/wp\/v2\/categories?post=17443"},{"taxonomy":"post_tag","embeddable":true,"href":"https:\/\/www.comunicatur.info\/es\/wp-json\/wp\/v2\/tags?post=17443"}],"curies":[{"name":"wp","href":"https:\/\/api.w.org\/{rel}","templated":true}]}}