{"id":17422,"date":"2021-11-09T00:00:17","date_gmt":"2021-11-08T22:00:17","guid":{"rendered":"https:\/\/comunicatur.info\/?p=17422"},"modified":"2021-11-03T20:04:50","modified_gmt":"2021-11-03T18:04:50","slug":"el-valles-occidental-apuesta-por-el-turismo-familiar-y-educativo","status":"publish","type":"post","link":"https:\/\/www.comunicatur.info\/es\/el-valles-occidental-apuesta-por-el-turismo-familiar-y-educativo\/","title":{"rendered":"El Vall\u00e8s Occidental apuesta por el turismo familiar y educativo"},"content":{"rendered":"<p>El Vall\u00e8s Occidental es una comarca con identidad propia y con <strong>una oferta tur\u00edstica muy diversa.<\/strong> Recursos culturales y naturales, un paisaje muy diverso, una gran actividad industrial y un rico patrimonio cultural conviven en un mismo territorio. Y tan diverso como es nuestro paisaje lo es tambi\u00e9n nuestra propuesta tur\u00edstica.<!--more--><\/p>\n<p><strong>El sector tur\u00edstico vallesano cuenta con cerca de 2.500 empresas vinculadas al sector y m\u00e1s de 25.000 puestos de trabajo.<\/strong> La cadena de valor del turismo es muy amplia y tiene impactos directos, indirectos e inducidos sobre el conjunto de la econom\u00eda: la hosteler\u00eda, el transporte, la alimentaci\u00f3n, las entidades deportivas, los espacios culturales, etc. <strong>Y es que el turismo es una actividad que abasta de riqueza la comarca, no solo a escala econ\u00f3mica sino tambi\u00e9n social, puesto que es una actividad transversal y sostenible. <\/strong><\/p>\n<p>En el marco de la reactivaci\u00f3n econ\u00f3mica hemos querido desarrollar productos para dar respuestas a las necesidades emergentes: apoyo a las empresas, valorizaci\u00f3n del territorio como destino tur\u00edstico \u2014tanto para los de fuera como para los mismos residentes \u2014 y aumento del sentimiento de pertenencia de la poblaci\u00f3n.<\/p>\n<p>Es bien cierto que la situaci\u00f3n derivada de la pandemia ha hecho que muchos vallesanos y vallesanas hayan redescubierto su territorio, al que se han acercado y en el que se han sumergido. Y lo mismo ha pasado con otros visitantes de proximidad \u2014de otras comarcas y del \u00c1rea metropolitana\u2014 <strong>que han encontrado cerca de casa atractivos que aportan experiencias vivenciales de calidad:<\/strong> naturaleza, gastronom\u00eda, turismo activo\u2026 Hemos podido mirar con otros ojos aquello que nos rodea d\u00eda a d\u00eda.<\/p>\n<p>Uno de los ejes articuladores de la comarca es <strong>el turismo familiar, de proximidad y educativo.<\/strong> Con la voluntad de potenciarlo y de poner m\u00e1s recursos al alcance de los centros educativos, las familias y responder a las necesidades de las empresas, <strong>hemos puesto en marcha un programa de turismo educativo innovador:<\/strong> <a href=\"https:\/\/www.aprenalvalles.cat\/\" target=\"_blank\" rel=\"noopener\"><strong>Apr\u00e8n al Vall\u00e8s<\/strong><\/a>. Un programa que complementa las competencias curriculares fuera del aula, que aglutina en un gran proyecto la educaci\u00f3n de los ni\u00f1os en los diferentes contextos, escenarios, entornos, donde pasan parte de su vida: la escuela y la familia. <strong>A trav\u00e9s de este nuevo programa de turismo educativo, proponemos a las familias y a los ni\u00f1os descubrir la comarca. Desde los cuatro parques naturales hasta el rico patrimonio industrial, pasando por las leyendas, los museos y los paisajes.<\/strong><\/p>\n<p>Al lado mismo de este patrimonio natural, tambi\u00e9n convive nuestra industria. Una actividad que reivindicamos y que nos identifica como vallesanos, puesto que <strong>estamos en uno de los polos industriales m\u00e1s importantes del sur de Europa <\/strong>y en uno de los corredores viarios hist\u00f3ricos que se remonta a la \u00e9poca romana. Y esta industria, que sigue viva, es un importante patrimonio que nos permite explicar nuestra historia y entender nuestro presente.<\/p>\n<p>En paralelo, y tambi\u00e9n en el marco de la reactivaci\u00f3n econ\u00f3mica trabajamos para reimpulsar otro de los ejes centrales de la actividad tur\u00edstica de la comarca: <strong>el turismo de negocios.<\/strong>\u00a0 Una actividad que, a lo largo de los a\u00f1os ha acogido reuniones, congresos y acontecimientos empresariales, gracias a la implantaci\u00f3n en la comarca de centros de investigaci\u00f3n, educativos y empresariales de primer nivel y que nos sit\u00faa en una de las regiones m\u00e1s din\u00e1micas de actividad MICE de Catalu\u00f1a. Adem\u00e1s, la comarca cuenta con equipaciones deportivas de primer nivel y un clima y localizaci\u00f3n excepcional, que sit\u00faan el destino como <strong>un referente del turismo deportivo en el sur de Europa.<\/strong><\/p>\n<p>En este trabajo con el sector tur\u00edstico no podemos olvidar la importancia de articular <strong>un modelo de turismo que sea sostenible econ\u00f3mica, social y medioambientalmente.<\/strong> Actualmente trabajamos por la certificaci\u00f3n Biosphere de las diferentes empresas que se dedican al sector tur\u00edstico, y en este sentido, hay que destacar que <strong>contamos con una treintena de empresas culturales y tur\u00edsticas certificadas con el sello de sostenibilidad; incluido, como no pod\u00eda ser de otro modo, el mismo Consell Comarcal.<\/strong><\/p>\n<p>Desde el Consell Comarcal entendemos que es la identidad de un territorio el que lo diferencia y el que le aporta valor ante el resto de los destinos. Una ciudadan\u00eda que conoce el territorio que habita y sus recursos es una ciudadan\u00eda orgullosa, responsable y comprometida con el patrimonio, y esto se traduce en su preservaci\u00f3n. Darlos a conocer y acercarlos a la ciudadan\u00eda es parte de la tarea del Consell Comarcal.<\/p>\n<p><strong><img class=\"alignleft size-medium wp-image-17419\" src=\"https:\/\/www.comunicatur.info\/wp-content\/uploads\/2021\/11\/FOTO-IGNASI-GIM\u00c9NEZ-2019-257x300.jpg\" alt=\"\" width=\"257\" height=\"300\" srcset=\"https:\/\/www.comunicatur.info\/wp-content\/uploads\/2021\/11\/FOTO-IGNASI-GIM\u00c9NEZ-2019-257x300.jpg 257w, https:\/\/www.comunicatur.info\/wp-content\/uploads\/2021\/11\/FOTO-IGNASI-GIM\u00c9NEZ-2019-600x702.jpg 600w, https:\/\/www.comunicatur.info\/wp-content\/uploads\/2021\/11\/FOTO-IGNASI-GIM\u00c9NEZ-2019.jpg 750w\" sizes=\"(max-width: 257px) 100vw, 257px\" \/><\/strong><\/p>\n<p>&nbsp;<\/p>\n<p>&nbsp;<\/p>\n<p><strong>Ignasi Gim\u00e9nez<\/strong><\/p>\n<p><em><strong>Alcalde de Castellar del Vall\u00e8s <\/strong><\/em><\/p>\n<p><em><strong>Presidente del Consell Comarcal del Vall\u00e8s Occidental<\/strong><\/em><\/p>\n","protected":false},"excerpt":{"rendered":"<p>El Vall\u00e8s Occidental es una comarca con identidad propia y con una oferta tur\u00edstica muy diversa. Recursos culturales y naturales, un paisaje muy diverso, una gran actividad industrial y un rico patrimonio cultural conviven en un mismo territorio. Y tan diverso como es nuestro paisaje lo es tambi\u00e9n nuestra propuesta tur\u00edstica. El sector tur\u00edstico vallesano &hellip;<\/p>\n","protected":false},"author":408,"featured_media":0,"comment_status":"closed","ping_status":"open","sticky":false,"template":"","format":"standard","meta":[],"categories":[62,73],"tags":[],"_links":{"self":[{"href":"https:\/\/www.comunicatur.info\/es\/wp-json\/wp\/v2\/posts\/17422"}],"collection":[{"href":"https:\/\/www.comunicatur.info\/es\/wp-json\/wp\/v2\/posts"}],"about":[{"href":"https:\/\/www.comunicatur.info\/es\/wp-json\/wp\/v2\/types\/post"}],"author":[{"embeddable":true,"href":"https:\/\/www.comunicatur.info\/es\/wp-json\/wp\/v2\/users\/408"}],"replies":[{"embeddable":true,"href":"https:\/\/www.comunicatur.info\/es\/wp-json\/wp\/v2\/comments?post=17422"}],"version-history":[{"count":1,"href":"https:\/\/www.comunicatur.info\/es\/wp-json\/wp\/v2\/posts\/17422\/revisions"}],"predecessor-version":[{"id":17423,"href":"https:\/\/www.comunicatur.info\/es\/wp-json\/wp\/v2\/posts\/17422\/revisions\/17423"}],"wp:attachment":[{"href":"https:\/\/www.comunicatur.info\/es\/wp-json\/wp\/v2\/media?parent=17422"}],"wp:term":[{"taxonomy":"category","embeddable":true,"href":"https:\/\/www.comunicatur.info\/es\/wp-json\/wp\/v2\/categories?post=17422"},{"taxonomy":"post_tag","embeddable":true,"href":"https:\/\/www.comunicatur.info\/es\/wp-json\/wp\/v2\/tags?post=17422"}],"curies":[{"name":"wp","href":"https:\/\/api.w.org\/{rel}","templated":true}]}}