{"id":17385,"date":"2021-10-25T00:00:56","date_gmt":"2021-10-24T22:00:56","guid":{"rendered":"https:\/\/comunicatur.info\/?p=17385"},"modified":"2021-10-22T16:52:56","modified_gmt":"2021-10-22T14:52:56","slug":"slow-anoia-destino-sostenible-y-resiliente","status":"publish","type":"post","link":"https:\/\/www.comunicatur.info\/es\/slow-anoia-destino-sostenible-y-resiliente\/","title":{"rendered":"Slow Anoia, destino sostenible y resiliente"},"content":{"rendered":"<p>La comarca de la Anoia es una realidad compleja que combina un fuerte esp\u00edritu rural con \u00e1reas urbanas de car\u00e1cter industrial. Esta situaci\u00f3n es una oportunidad para proyectar la comarca como <strong><em>territorio inteligente<\/em><\/strong>, es decir, con capacidad para definir una estrategia territorial que una los recursos y las infraestructuras con la tecnolog\u00eda para hacer de la Anoia un ecosistema innovador y sostenible.<!--more--><\/p>\n<h4>La sostenibilidad como valor para la Anoia<\/h4>\n<p>La estrategia del territorio pasa por dise\u00f1ar y desarrollar una visi\u00f3n y proyectos con capacidad para unificar los valores de las zonas urbanas y los entornos de ruralidad, generando as\u00ed la comarca de los 15-20 minutos: un territorio sostenible y atractivo donde vivir y trabajar disfrutando de buenos servicios y proximidad.<\/p>\n<p>La Anoia asume el reto y enfoca su futuro a trav\u00e9s de la sostenibilidad, es decir con una visi\u00f3n estrat\u00e9gica global, transversal y coherente con los valores end\u00f3genos del territorio, bajo el prisma de la <a href=\"https:\/\/www.un.org\/sustainabledevelopment\/es\/development-agenda\/\" target=\"_blank\" rel=\"noopener\">Agenda 2030 de la ONU<\/a> y alineada al marco del <a href=\"https:\/\/ec.europa.eu\/info\/strategy\/priorities-2019-2024\/european-green-deal_es\" target=\"_blank\" rel=\"noopener\">European Green Deal<\/a> de la Uni\u00f3n Europea.<\/p>\n<h4>La Anoia, destino sostenible y <em>slow<\/em><\/h4>\n<p>La estrategia tur\u00edstica territorial tambi\u00e9n tiene que comprometerse con los principios de la sostenibilidad, y este es el camino que se est\u00e1 siguiendo desde el Consell Comarcal del Anoia. En los \u00faltimos a\u00f1os se ha consolidado la proyecci\u00f3n estrat\u00e9gica de la Anoia como destino sostenible especializado en <em>slow tourism<\/em>, es decir un territorio responsable y consciente que ofrece experiencias de proximidad, coherentes con los recursos culturales y naturales, tranquilas, familiares y seguras. Y el factor m\u00e1s importante, un destino tur\u00edstico que genera beneficios sociales, culturales y econ\u00f3micos a la ciudadan\u00eda.<\/p>\n<p>La crisis global del sector tur\u00edstico provocada por la COVID 19 ha comportado cambios profundos en el sector. La sostenibilidad de la actividad tur\u00edstica, en el presente y el futuro, se ha convertido en fundamental. La conciencia hacia el territorio y la poblaci\u00f3n residente, el tejido socioecon\u00f3mico y los visitantes marca el presente y futuro de los destinos. En este sentido, la Anoia se ha comprometido con los principios de <em>Biosphere<\/em> y el <a href=\"https:\/\/www.turismoreset.org\/\" target=\"_blank\" rel=\"noopener\">Manifiesto #TurismoReset<\/a>.<\/p>\n<h4>Factores para la recuperaci\u00f3n y la consolidaci\u00f3n tur\u00edstica<\/h4>\n<p>La Anoia, sus administraciones y los agentes tur\u00edsticos recorren conjuntamente el camino hacia la sostenibilidad profundizando en cuatro ejes:<\/p>\n<ul>\n<li><strong>Reforzando las alianzas<\/strong> p\u00fablicas, p\u00fablico-privadas y privadas de manera transversal y abierta.<\/li>\n<li><strong>Trabajando las sinergias<\/strong> con proyectos de mayor alcance territorial como \u201cV\u00edas Blaves\u201d de la Diputaci\u00f3n de Barcelona o el programa europeo ENI CBC MED \u201cMed Pearls\u201d.<\/li>\n<li><strong>Desarrollando din\u00e1micas territoriales<\/strong> como las generadas por los programas \u201cAnoia Tierra de Castillos\u201d, \u201cOleo-turismo\u201d, \u201cTerritorio e-bike\u201d, \u201cCaminos reales\u201d, \u201cAnoia en Transici\u00f3n\u201d, \u201cBiosphere\u201d\u2026<\/li>\n<li><strong>Apoyando los proyectos tur\u00edsticos<\/strong> y de desarrollo local de los peque\u00f1os y grandes municipios, as\u00ed como de los agentes privados.<\/li>\n<\/ul>\n<p>La Anoia es destino tur\u00edstico y el <em>Slow Anoia<\/em> una manera de vivir la comarca que muchos visitantes de aqu\u00ed y de otros lugares est\u00e1n descubriendo. Queda mucho camino por recorrer y todos los agentes del territorio tenemos que conjurarnos para avanzar y hacerlo conjuntamente.<\/p>\n<p>Una estrategia conjunta, una narrativa territorial aut\u00e9ntica y mucha creatividad e innovaci\u00f3n son las herramientas para avanzar como destino resiliente y referente del turismo sostenible.<\/p>\n<p><img class=\"alignleft size-medium wp-image-17381\" src=\"https:\/\/www.comunicatur.info\/wp-content\/uploads\/2021\/10\/ANOIA_DANIEL-GUTI\u00c9RREZ-300x300.jpg\" alt=\"\" width=\"300\" height=\"300\" srcset=\"https:\/\/www.comunicatur.info\/wp-content\/uploads\/2021\/10\/ANOIA_DANIEL-GUTI\u00c9RREZ-300x300.jpg 300w, https:\/\/www.comunicatur.info\/wp-content\/uploads\/2021\/10\/ANOIA_DANIEL-GUTI\u00c9RREZ-150x150.jpg 150w, https:\/\/www.comunicatur.info\/wp-content\/uploads\/2021\/10\/ANOIA_DANIEL-GUTI\u00c9RREZ-768x768.jpg 768w, https:\/\/www.comunicatur.info\/wp-content\/uploads\/2021\/10\/ANOIA_DANIEL-GUTI\u00c9RREZ-1024x1024.jpg 1024w, https:\/\/www.comunicatur.info\/wp-content\/uploads\/2021\/10\/ANOIA_DANIEL-GUTI\u00c9RREZ-600x600.jpg 600w, https:\/\/www.comunicatur.info\/wp-content\/uploads\/2021\/10\/ANOIA_DANIEL-GUTI\u00c9RREZ.jpg 1080w\" sizes=\"(max-width: 300px) 100vw, 300px\" \/><\/p>\n<p><strong>\u00a0<\/strong><\/p>\n<p><strong>Daniel Guti\u00e9rrez<\/strong><\/p>\n<p><strong>Consejero de turismo y programas europeos<\/strong><\/p>\n<p>Consell Comarcal Anoia<\/p>\n","protected":false},"excerpt":{"rendered":"<p>La comarca de la Anoia es una realidad compleja que combina un fuerte esp\u00edritu rural con \u00e1reas urbanas de car\u00e1cter industrial. Esta situaci\u00f3n es una oportunidad para proyectar la comarca como territorio inteligente, es decir, con capacidad para definir una estrategia territorial que una los recursos y las infraestructuras con la tecnolog\u00eda para hacer de &hellip;<\/p>\n","protected":false},"author":408,"featured_media":0,"comment_status":"closed","ping_status":"open","sticky":false,"template":"","format":"standard","meta":[],"categories":[62],"tags":[],"_links":{"self":[{"href":"https:\/\/www.comunicatur.info\/es\/wp-json\/wp\/v2\/posts\/17385"}],"collection":[{"href":"https:\/\/www.comunicatur.info\/es\/wp-json\/wp\/v2\/posts"}],"about":[{"href":"https:\/\/www.comunicatur.info\/es\/wp-json\/wp\/v2\/types\/post"}],"author":[{"embeddable":true,"href":"https:\/\/www.comunicatur.info\/es\/wp-json\/wp\/v2\/users\/408"}],"replies":[{"embeddable":true,"href":"https:\/\/www.comunicatur.info\/es\/wp-json\/wp\/v2\/comments?post=17385"}],"version-history":[{"count":1,"href":"https:\/\/www.comunicatur.info\/es\/wp-json\/wp\/v2\/posts\/17385\/revisions"}],"predecessor-version":[{"id":17386,"href":"https:\/\/www.comunicatur.info\/es\/wp-json\/wp\/v2\/posts\/17385\/revisions\/17386"}],"wp:attachment":[{"href":"https:\/\/www.comunicatur.info\/es\/wp-json\/wp\/v2\/media?parent=17385"}],"wp:term":[{"taxonomy":"category","embeddable":true,"href":"https:\/\/www.comunicatur.info\/es\/wp-json\/wp\/v2\/categories?post=17385"},{"taxonomy":"post_tag","embeddable":true,"href":"https:\/\/www.comunicatur.info\/es\/wp-json\/wp\/v2\/tags?post=17385"}],"curies":[{"name":"wp","href":"https:\/\/api.w.org\/{rel}","templated":true}]}}