{"id":17377,"date":"2021-10-22T00:00:24","date_gmt":"2021-10-21T22:00:24","guid":{"rendered":"https:\/\/comunicatur.info\/?p=17377"},"modified":"2021-10-21T18:22:47","modified_gmt":"2021-10-21T16:22:47","slug":"los-guias-de-montana-se-unen-en-una-plataforma-sindical","status":"publish","type":"post","link":"https:\/\/www.comunicatur.info\/es\/los-guias-de-montana-se-unen-en-una-plataforma-sindical\/","title":{"rendered":"Los gu\u00edas de monta\u00f1a se unen en una plataforma sindical"},"content":{"rendered":"<p>El colectivo de los gu\u00edas de monta\u00f1a ha dado un paso hacia la sindicalizaci\u00f3n y han creado una plataforma para defender derechos laborales y luchar contra lo que llaman intrusismo.<!--more--><\/p>\n<p><img class=\"alignright size-medium wp-image-17375\" src=\"https:\/\/www.comunicatur.info\/wp-content\/uploads\/2021\/10\/Pirineus_Lleida_Pallars-300x225.png\" alt=\"\" width=\"300\" height=\"225\" srcset=\"https:\/\/www.comunicatur.info\/wp-content\/uploads\/2021\/10\/Pirineus_Lleida_Pallars-300x225.png 300w, https:\/\/www.comunicatur.info\/wp-content\/uploads\/2021\/10\/Pirineus_Lleida_Pallars-600x450.png 600w, https:\/\/www.comunicatur.info\/wp-content\/uploads\/2021\/10\/Pirineus_Lleida_Pallars.png 640w\" sizes=\"(max-width: 300px) 100vw, 300px\" \/>Para empezar en este frente reivindicativo han firmado un acuerdo con el sindicato UGT que les facilitar\u00e1 colaboraci\u00f3n y asesoramiento. El nacimiento de la plataforma busca aglutinar los cerca de 2.500 personas que calculan que ejercen la profesi\u00f3n de gu\u00eda de monta\u00f1a.<\/p>\n<p>Esta profesi\u00f3n no est\u00e1 regulada y los gu\u00edas de monta\u00f1a quieren m\u00e1s seguridad laboral porque consideran que ejercen en unas condiciones de precariedad. La mayor\u00eda son trabajadores aut\u00f3nomos que est\u00e1n inscritos como monitores o animadores y no cuentan con ning\u00fan reconocimiento oficial como gu\u00edas de monta\u00f1a.<\/p>\n<p>En otros pa\u00edses la profesi\u00f3n cuenta con prestigio y aqu\u00ed en muchos casos trabajan como \u00abfalsos aut\u00f3nomos\u00bb. En Catalu\u00f1a hay decenas de empresas que organizan actividades guiadas en espacios exteriores. En otros pa\u00edses europeos hay costumbre de solicitar el servicio de un gu\u00eda para hacer salidas por la naturaleza.<\/p>\n","protected":false},"excerpt":{"rendered":"<p>El colectivo de los gu\u00edas de monta\u00f1a ha dado un paso hacia la sindicalizaci\u00f3n y han creado una plataforma para defender derechos laborales y luchar contra lo que llaman intrusismo. Para empezar en este frente reivindicativo han firmado un acuerdo con el sindicato UGT que les facilitar\u00e1 colaboraci\u00f3n y asesoramiento. El nacimiento de la plataforma &hellip;<\/p>\n","protected":false},"author":408,"featured_media":0,"comment_status":"closed","ping_status":"open","sticky":false,"template":"","format":"standard","meta":[],"categories":[61],"tags":[],"_links":{"self":[{"href":"https:\/\/www.comunicatur.info\/es\/wp-json\/wp\/v2\/posts\/17377"}],"collection":[{"href":"https:\/\/www.comunicatur.info\/es\/wp-json\/wp\/v2\/posts"}],"about":[{"href":"https:\/\/www.comunicatur.info\/es\/wp-json\/wp\/v2\/types\/post"}],"author":[{"embeddable":true,"href":"https:\/\/www.comunicatur.info\/es\/wp-json\/wp\/v2\/users\/408"}],"replies":[{"embeddable":true,"href":"https:\/\/www.comunicatur.info\/es\/wp-json\/wp\/v2\/comments?post=17377"}],"version-history":[{"count":1,"href":"https:\/\/www.comunicatur.info\/es\/wp-json\/wp\/v2\/posts\/17377\/revisions"}],"predecessor-version":[{"id":17378,"href":"https:\/\/www.comunicatur.info\/es\/wp-json\/wp\/v2\/posts\/17377\/revisions\/17378"}],"wp:attachment":[{"href":"https:\/\/www.comunicatur.info\/es\/wp-json\/wp\/v2\/media?parent=17377"}],"wp:term":[{"taxonomy":"category","embeddable":true,"href":"https:\/\/www.comunicatur.info\/es\/wp-json\/wp\/v2\/categories?post=17377"},{"taxonomy":"post_tag","embeddable":true,"href":"https:\/\/www.comunicatur.info\/es\/wp-json\/wp\/v2\/tags?post=17377"}],"curies":[{"name":"wp","href":"https:\/\/api.w.org\/{rel}","templated":true}]}}