{"id":17348,"date":"2021-10-18T00:00:24","date_gmt":"2021-10-17T22:00:24","guid":{"rendered":"https:\/\/comunicatur.info\/?p=17348"},"modified":"2021-10-18T14:06:37","modified_gmt":"2021-10-18T12:06:37","slug":"hoteleros-piden-al-gobierno-que-legisle-sobre-los-pisos-turisticos","status":"publish","type":"post","link":"https:\/\/www.comunicatur.info\/es\/hoteleros-piden-al-gobierno-que-legisle-sobre-los-pisos-turisticos\/","title":{"rendered":"Hoteleros piden al Gobierno que legisle sobre los pisos tur\u00edsticos"},"content":{"rendered":"<p>Los hoteleros hacen frente com\u00fan para que los pisos tur\u00edsticos est\u00e9n sometidos a una regulaci\u00f3n m\u00e1s estricta. Urgen al Gobierno a intervenir en su legislaci\u00f3n.<!--more--><\/p>\n<p><img class=\"alignright size-medium wp-image-17350\" src=\"https:\/\/www.comunicatur.info\/wp-content\/uploads\/2021\/10\/apartament_HUT-300x171.jpg\" alt=\"\" width=\"300\" height=\"171\" srcset=\"https:\/\/www.comunicatur.info\/wp-content\/uploads\/2021\/10\/apartament_HUT-300x171.jpg 300w, https:\/\/www.comunicatur.info\/wp-content\/uploads\/2021\/10\/apartament_HUT-768x437.jpg 768w, https:\/\/www.comunicatur.info\/wp-content\/uploads\/2021\/10\/apartament_HUT-600x342.jpg 600w, https:\/\/www.comunicatur.info\/wp-content\/uploads\/2021\/10\/apartament_HUT.jpg 938w\" sizes=\"(max-width: 300px) 100vw, 300px\" \/>Empresarios de la hoteler\u00eda de 36 pa\u00edses presentes en el &#8216;Global Reformbnb Forum&#8217; han denunciado los efectos negativos del desarrollo incontrolado de las viviendas vacacionales. La preocupaci\u00f3n, para los hoteleros, es global. El director del Gremio de Hoteles de Barcelona, Manel Casals, ha declarado que cada vez m\u00e1s destinos est\u00e1n demandando <em>\u201cun marco regulatorio m\u00e1s exigente y restrictivo sobre los pisos tur\u00edsticos en todo el mundo\u201d.<\/em><\/p>\n<p>Por su parte, la Confederaci\u00f3n Espa\u00f1ola de Hoteles y Alojamientos Tur\u00edsticos (CEHAT) ha puesto n\u00fameros al impacto de los pisos tur\u00edsticos sobre el mercado de alquiler de vivienda tradicional. Se\u00f1alan que en los centros urbanos y zonas tur\u00edsticas de mayor demanda la proliferaci\u00f3n de este tipo de pisos vacacionales ha significado una ca\u00edda superior al 25% de la oferta de las viviendas en alquiler. Adem\u00e1s, a\u00f1aden que existe <em>\u201cuna relaci\u00f3n directa entre el incremento de precio del alquiler en estas zonas y la proliferaci\u00f3n de este tipo de alojamiento\u201d<\/em>.<\/p>\n<p>El c\u00e1lculo de la patronal es que a nivel mundial por cada 1\u20198% de aumento de oferta de pisos tur\u00edsticos conlleva una subida indirecta del 1% del precio del alquiler tradicional. CEHAT tambi\u00e9n ha subrayada el inconveniente que ocasionan los usuarios de estos alojamientos a los que atribuye problemas de alteraci\u00f3n del orden p\u00fablico y el problema del ruido en las fiestas o botellones que realizan.<\/p>\n<p>El Gremi de Hoteles de Barcelona lo han resumido con esta declaraci\u00f3n: \u201c<em>El crecimiento mete\u00f3rico de las plataformas de comercializaci\u00f3n online, como Airbnb, ha tenido un coste social muy elevado para los ciudadanos, perjudicando la accesibilidad a la vivienda y, propiciando la expulsi\u00f3n de los vecinos de los barrios m\u00e1s tur\u00edsticos y la p\u00e9rdida de la esencia de \u00e9stos\u201d<\/em>.<\/p>\n","protected":false},"excerpt":{"rendered":"<p>Los hoteleros hacen frente com\u00fan para que los pisos tur\u00edsticos est\u00e9n sometidos a una regulaci\u00f3n m\u00e1s estricta. Urgen al Gobierno a intervenir en su legislaci\u00f3n. Empresarios de la hoteler\u00eda de 36 pa\u00edses presentes en el &#8216;Global Reformbnb Forum&#8217; han denunciado los efectos negativos del desarrollo incontrolado de las viviendas vacacionales. La preocupaci\u00f3n, para los hoteleros, &hellip;<\/p>\n","protected":false},"author":408,"featured_media":0,"comment_status":"closed","ping_status":"open","sticky":false,"template":"","format":"standard","meta":[],"categories":[59],"tags":[],"_links":{"self":[{"href":"https:\/\/www.comunicatur.info\/es\/wp-json\/wp\/v2\/posts\/17348"}],"collection":[{"href":"https:\/\/www.comunicatur.info\/es\/wp-json\/wp\/v2\/posts"}],"about":[{"href":"https:\/\/www.comunicatur.info\/es\/wp-json\/wp\/v2\/types\/post"}],"author":[{"embeddable":true,"href":"https:\/\/www.comunicatur.info\/es\/wp-json\/wp\/v2\/users\/408"}],"replies":[{"embeddable":true,"href":"https:\/\/www.comunicatur.info\/es\/wp-json\/wp\/v2\/comments?post=17348"}],"version-history":[{"count":3,"href":"https:\/\/www.comunicatur.info\/es\/wp-json\/wp\/v2\/posts\/17348\/revisions"}],"predecessor-version":[{"id":17355,"href":"https:\/\/www.comunicatur.info\/es\/wp-json\/wp\/v2\/posts\/17348\/revisions\/17355"}],"wp:attachment":[{"href":"https:\/\/www.comunicatur.info\/es\/wp-json\/wp\/v2\/media?parent=17348"}],"wp:term":[{"taxonomy":"category","embeddable":true,"href":"https:\/\/www.comunicatur.info\/es\/wp-json\/wp\/v2\/categories?post=17348"},{"taxonomy":"post_tag","embeddable":true,"href":"https:\/\/www.comunicatur.info\/es\/wp-json\/wp\/v2\/tags?post=17348"}],"curies":[{"name":"wp","href":"https:\/\/api.w.org\/{rel}","templated":true}]}}