{"id":1733,"date":"2009-10-08T00:00:00","date_gmt":"2009-10-08T00:00:00","guid":{"rendered":"https:\/\/comunicatur.info\/el-delta-de-lebre-premi-destinacio-europea-dexcel%e2%80%a2lencia-2009-2\/"},"modified":"2009-10-08T00:00:00","modified_gmt":"2009-10-08T00:00:00","slug":"el-delta-de-lebre-premi-destinacio-europea-dexcel%e2%80%a2lencia-2009-2","status":"publish","type":"post","link":"https:\/\/www.comunicatur.info\/es\/el-delta-de-lebre-premi-destinacio-europea-dexcel%e2%80%a2lencia-2009-2\/","title":{"rendered":"El Delta del Ebro, premio Destino Europeo de Excelencia 2009"},"content":{"rendered":"<p>El Delta del Ebro ha recibido en Bruselas el premio EDEN de Destino de Excelencia por su conservaci\u00f3n y puesta en valor de los recursos naturales del territorio. El parque natural del Delta ha sido el \u00fanico destino de Espa\u00f1a que ha conseguido la distinci\u00f3n. <\/p>\n<p><\/p>\n<p>Este a\u00f1o, el premio EDEN \u2014que se enmarca en las acciones de la Comisi\u00f3n Europea para la competitividad del turismo\u2014 est\u00e1 vinculado a los destinos emergentes con Espacios Naturales Protegidos. Concretamente es un reconocimiento que premia el turismo de zonas naturales protegidas pero que practican una \u201coferta tur\u00edstica sostenible\u201d. <\/p>\n<p>El Parque Natural recibe cerca de 160 mil visitantes anuales y una cuarta parte de estos son turistas europeos. Los franceses representan la mitad de los turistas extranjeros, seguidos por los alemanes y brit\u00e1nicos. Esta distinci\u00f3n permitir\u00e1 al Delta del Ebro acceder a los fondos de financiaci\u00f3n de la UE as\u00ed como la posibilidad de incorporar este sello de excelencia europeo en todas las acciones de promoci\u00f3n. Adem\u00e1s, la Comisi\u00f3n Europea asumir\u00e1 gastos relacionados con la promoci\u00f3n del destino como v\u00eddeos, internet, publicaciones y otras actividades. <\/p>\n<p>Al conocer esta elecci\u00f3n el consejero de Innovaci\u00f3n, Universidades y Empresa, Josep Huguet, ha declarado que \u201cel galard\u00f3n representa la consolidaci\u00f3n de las Tierras del Ebro como destino tur\u00edstico y un reconocimiento de la fuerte apuesta por la naturaleza como uno de los elementos diferenciadores de esta marca\u201d. <\/p>\n","protected":false},"excerpt":{"rendered":"<p>El Delta del Ebro ha recibido en Bruselas el premio EDEN de Destino de Excelencia por su conservaci\u00f3n y puesta en valor de los recursos naturales del territorio. El parque natural del Delta ha sido el \u00fanico destino de Espa\u00f1a que ha conseguido la distinci\u00f3n. <\/p>\n","protected":false},"author":1,"featured_media":0,"comment_status":"close","ping_status":"open","sticky":false,"template":"","format":"standard","meta":[],"categories":[19],"tags":[],"_links":{"self":[{"href":"https:\/\/www.comunicatur.info\/es\/wp-json\/wp\/v2\/posts\/1733"}],"collection":[{"href":"https:\/\/www.comunicatur.info\/es\/wp-json\/wp\/v2\/posts"}],"about":[{"href":"https:\/\/www.comunicatur.info\/es\/wp-json\/wp\/v2\/types\/post"}],"author":[{"embeddable":true,"href":"https:\/\/www.comunicatur.info\/es\/wp-json\/wp\/v2\/users\/1"}],"replies":[{"embeddable":true,"href":"https:\/\/www.comunicatur.info\/es\/wp-json\/wp\/v2\/comments?post=1733"}],"version-history":[{"count":0,"href":"https:\/\/www.comunicatur.info\/es\/wp-json\/wp\/v2\/posts\/1733\/revisions"}],"wp:attachment":[{"href":"https:\/\/www.comunicatur.info\/es\/wp-json\/wp\/v2\/media?parent=1733"}],"wp:term":[{"taxonomy":"category","embeddable":true,"href":"https:\/\/www.comunicatur.info\/es\/wp-json\/wp\/v2\/categories?post=1733"},{"taxonomy":"post_tag","embeddable":true,"href":"https:\/\/www.comunicatur.info\/es\/wp-json\/wp\/v2\/tags?post=1733"}],"curies":[{"name":"wp","href":"https:\/\/api.w.org\/{rel}","templated":true}]}}