{"id":17323,"date":"2021-10-08T00:00:44","date_gmt":"2021-10-07T22:00:44","guid":{"rendered":"https:\/\/comunicatur.info\/?p=17323"},"modified":"2021-10-07T13:49:39","modified_gmt":"2021-10-07T11:49:39","slug":"el-buen-momento-de-los-campings","status":"publish","type":"post","link":"https:\/\/www.comunicatur.info\/es\/el-buen-momento-de-los-campings\/","title":{"rendered":"El buen momento de los campings"},"content":{"rendered":"<p>El mundo del camping afronta estos meses llenos de cert\u00e1menes sectoriales y ferias comerciales. La nueva edici\u00f3n del Caravaning de Barcelona llega tras un verano pand\u00e9mico que ha recuperado los empleos llegando a una media del 80% entre los meses de julio y agosto.<!--more--><\/p>\n<p><img class=\"alignright size-medium wp-image-16010\" src=\"https:\/\/www.comunicatur.info\/wp-content\/uploads\/2020\/11\/c\u00e0mping-l\u00c0mfora-300x250.jpg\" alt=\"\" width=\"300\" height=\"250\" srcset=\"https:\/\/www.comunicatur.info\/wp-content\/uploads\/2020\/11\/c\u00e0mping-l\u00c0mfora-300x250.jpg 300w, https:\/\/www.comunicatur.info\/wp-content\/uploads\/2020\/11\/c\u00e0mping-l\u00c0mfora-768x639.jpg 768w, https:\/\/www.comunicatur.info\/wp-content\/uploads\/2020\/11\/c\u00e0mping-l\u00c0mfora-1024x853.jpg 1024w, https:\/\/www.comunicatur.info\/wp-content\/uploads\/2020\/11\/c\u00e0mping-l\u00c0mfora-600x500.jpg 600w\" sizes=\"(max-width: 300px) 100vw, 300px\" \/>Algunos campings han estado llenos, pero como dicen algunos empresarios del sector, \u00abno podemos vivir todo el a\u00f1o con estos dos meses de verano\u00bb. Adem\u00e1s, los buenos resultados se deben principalmente al comportamiento del mercado nacional que ha supuesto el 90% de la clientela. A\u00fan falta por recuperar muchos clientes internacionales.<\/p>\n<p>El sector calcula que un 20% de los espa\u00f1oles que han optado por el camping este 2021 lo f\u00edan por primera vez. Est\u00e1 por ver si este cliente repetir\u00e1 o su comportamiento est\u00e1 vinculado a la pandemia.<\/p>\n<p>Los datos del INE indican que el mes de julio se realizaron en Espa\u00f1a 7,2 millones de pernoctaciones en campings y en agosto la cifra alcanz\u00f3 los 10,3 millones. Este balance s\u00f3lo supone un descenso del 7% respecto al 2019, lo que permite valorar como muy positiva la temporada estival.<\/p>\n","protected":false},"excerpt":{"rendered":"<p>El mundo del camping afronta estos meses llenos de cert\u00e1menes sectoriales y ferias comerciales. La nueva edici\u00f3n del Caravaning de Barcelona llega tras un verano pand\u00e9mico que ha recuperado los empleos llegando a una media del 80% entre los meses de julio y agosto. Algunos campings han estado llenos, pero como dicen algunos empresarios del &hellip;<\/p>\n","protected":false},"author":408,"featured_media":0,"comment_status":"closed","ping_status":"open","sticky":false,"template":"","format":"standard","meta":[],"categories":[59],"tags":[],"_links":{"self":[{"href":"https:\/\/www.comunicatur.info\/es\/wp-json\/wp\/v2\/posts\/17323"}],"collection":[{"href":"https:\/\/www.comunicatur.info\/es\/wp-json\/wp\/v2\/posts"}],"about":[{"href":"https:\/\/www.comunicatur.info\/es\/wp-json\/wp\/v2\/types\/post"}],"author":[{"embeddable":true,"href":"https:\/\/www.comunicatur.info\/es\/wp-json\/wp\/v2\/users\/408"}],"replies":[{"embeddable":true,"href":"https:\/\/www.comunicatur.info\/es\/wp-json\/wp\/v2\/comments?post=17323"}],"version-history":[{"count":1,"href":"https:\/\/www.comunicatur.info\/es\/wp-json\/wp\/v2\/posts\/17323\/revisions"}],"predecessor-version":[{"id":17324,"href":"https:\/\/www.comunicatur.info\/es\/wp-json\/wp\/v2\/posts\/17323\/revisions\/17324"}],"wp:attachment":[{"href":"https:\/\/www.comunicatur.info\/es\/wp-json\/wp\/v2\/media?parent=17323"}],"wp:term":[{"taxonomy":"category","embeddable":true,"href":"https:\/\/www.comunicatur.info\/es\/wp-json\/wp\/v2\/categories?post=17323"},{"taxonomy":"post_tag","embeddable":true,"href":"https:\/\/www.comunicatur.info\/es\/wp-json\/wp\/v2\/tags?post=17323"}],"curies":[{"name":"wp","href":"https:\/\/api.w.org\/{rel}","templated":true}]}}