{"id":17319,"date":"2021-10-07T00:00:40","date_gmt":"2021-10-06T22:00:40","guid":{"rendered":"https:\/\/comunicatur.info\/?p=17319"},"modified":"2021-10-06T19:21:36","modified_gmt":"2021-10-06T17:21:36","slug":"las-vias-ciclistas-aumentan-en-cataluna","status":"publish","type":"post","link":"https:\/\/www.comunicatur.info\/es\/las-vias-ciclistas-aumentan-en-cataluna\/","title":{"rendered":"Las v\u00edas ciclistas aumentan en Catalu\u00f1a"},"content":{"rendered":"<p>El 7\u00ba Congreso Internacional de la Bicicleta que se ha celebrado en Barcelona ha servido para conocer los proyectos que pueden convertir Catalu\u00f1a en un destino de cicloturismo.<!--more--><\/p>\n<p><img class=\"alignright size-medium wp-image-17315\" src=\"https:\/\/www.comunicatur.info\/wp-content\/uploads\/2021\/10\/Eurovelo8-300x183.jpg\" alt=\"\" width=\"300\" height=\"183\" srcset=\"https:\/\/www.comunicatur.info\/wp-content\/uploads\/2021\/10\/Eurovelo8-300x183.jpg 300w, https:\/\/www.comunicatur.info\/wp-content\/uploads\/2021\/10\/Eurovelo8-768x469.jpg 768w, https:\/\/www.comunicatur.info\/wp-content\/uploads\/2021\/10\/Eurovelo8-1024x625.jpg 1024w, https:\/\/www.comunicatur.info\/wp-content\/uploads\/2021\/10\/Eurovelo8-600x366.jpg 600w, https:\/\/www.comunicatur.info\/wp-content\/uploads\/2021\/10\/Eurovelo8.jpg 1036w\" sizes=\"(max-width: 300px) 100vw, 300px\" \/>Para ello la administraci\u00f3n catalana ha anunciado su compromiso con el desarrollo del cicloturismo. En este sentido, extender\u00e1 la ruta europea EuroVelo 8 que conecta C\u00e1diz y Atenas a su paso por Catalu\u00f1a. El objetivo es consolidar el trazado desde los dos extremos del territorio catal\u00e1n, de la Jonquera en el norte hasta Ulldecona en el sur.<\/p>\n<p>La red EuroVelo est\u00e1 formada por 17 rutas ciclotur\u00edsticas que cruzan Europa de este a oeste y de norte a sur. Para Catalu\u00f1a este proyecto de alcance europeo es una oportunidad de atraer turistas de bicicleta de \u00e1mbito internacional que quieren moverse por el arco Mediterr\u00e1neo. El cicloturismo genera anualmente en Europa 2.300 millones de viajes y un impacto econ\u00f3mico directo de 44.000 M \u20ac.<\/p>\n<p><img class=\"alignright size-medium wp-image-17316\" src=\"https:\/\/www.comunicatur.info\/wp-content\/uploads\/2021\/10\/via_ciclista-300x171.jpg\" alt=\"\" width=\"300\" height=\"171\" srcset=\"https:\/\/www.comunicatur.info\/wp-content\/uploads\/2021\/10\/via_ciclista-300x171.jpg 300w, https:\/\/www.comunicatur.info\/wp-content\/uploads\/2021\/10\/via_ciclista-768x438.jpg 768w, https:\/\/www.comunicatur.info\/wp-content\/uploads\/2021\/10\/via_ciclista-1024x584.jpg 1024w, https:\/\/www.comunicatur.info\/wp-content\/uploads\/2021\/10\/via_ciclista-600x342.jpg 600w, https:\/\/www.comunicatur.info\/wp-content\/uploads\/2021\/10\/via_ciclista.jpg 1299w\" sizes=\"(max-width: 300px) 100vw, 300px\" \/>Hasta ahora el paso del EuroVelo 8 por Catalu\u00f1a s\u00f3lo se extend\u00eda entre la Jonquera y Sils (Girona) y la Generalitat ha anunciado durante el congreso que ya entran en funcionamiento los tramos de acceso a Barcelona. El tercer paso ser\u00e1 ligarlo con Ulldecona (Tarragona).<\/p>\n<p>El turismo de bicicleta contribuye a uno de los aspectos que necesita el sector: la desestacionalizaci\u00f3n y la diversificaci\u00f3n de la oferta.<\/p>\n","protected":false},"excerpt":{"rendered":"<p>El 7\u00ba Congreso Internacional de la Bicicleta que se ha celebrado en Barcelona ha servido para conocer los proyectos que pueden convertir Catalu\u00f1a en un destino de cicloturismo. Para ello la administraci\u00f3n catalana ha anunciado su compromiso con el desarrollo del cicloturismo. En este sentido, extender\u00e1 la ruta europea EuroVelo 8 que conecta C\u00e1diz y &hellip;<\/p>\n","protected":false},"author":408,"featured_media":0,"comment_status":"closed","ping_status":"open","sticky":false,"template":"","format":"standard","meta":[],"categories":[62],"tags":[],"_links":{"self":[{"href":"https:\/\/www.comunicatur.info\/es\/wp-json\/wp\/v2\/posts\/17319"}],"collection":[{"href":"https:\/\/www.comunicatur.info\/es\/wp-json\/wp\/v2\/posts"}],"about":[{"href":"https:\/\/www.comunicatur.info\/es\/wp-json\/wp\/v2\/types\/post"}],"author":[{"embeddable":true,"href":"https:\/\/www.comunicatur.info\/es\/wp-json\/wp\/v2\/users\/408"}],"replies":[{"embeddable":true,"href":"https:\/\/www.comunicatur.info\/es\/wp-json\/wp\/v2\/comments?post=17319"}],"version-history":[{"count":1,"href":"https:\/\/www.comunicatur.info\/es\/wp-json\/wp\/v2\/posts\/17319\/revisions"}],"predecessor-version":[{"id":17320,"href":"https:\/\/www.comunicatur.info\/es\/wp-json\/wp\/v2\/posts\/17319\/revisions\/17320"}],"wp:attachment":[{"href":"https:\/\/www.comunicatur.info\/es\/wp-json\/wp\/v2\/media?parent=17319"}],"wp:term":[{"taxonomy":"category","embeddable":true,"href":"https:\/\/www.comunicatur.info\/es\/wp-json\/wp\/v2\/categories?post=17319"},{"taxonomy":"post_tag","embeddable":true,"href":"https:\/\/www.comunicatur.info\/es\/wp-json\/wp\/v2\/tags?post=17319"}],"curies":[{"name":"wp","href":"https:\/\/api.w.org\/{rel}","templated":true}]}}