{"id":17266,"date":"2021-09-21T00:00:05","date_gmt":"2021-09-20T22:00:05","guid":{"rendered":"https:\/\/comunicatur.info\/?p=17266"},"modified":"2021-09-18T22:24:02","modified_gmt":"2021-09-18T20:24:02","slug":"la-tasa-turistica-de-andorra-mas-cerca-segundo-semestre-del-2022","status":"publish","type":"post","link":"https:\/\/www.comunicatur.info\/es\/la-tasa-turistica-de-andorra-mas-cerca-segundo-semestre-del-2022\/","title":{"rendered":"La tasa tur\u00edstica de Andorra m\u00e1s cerca, segundo semestre del 2022"},"content":{"rendered":"<p><img class=\"alignright size-medium wp-image-17262\" src=\"https:\/\/www.comunicatur.info\/wp-content\/uploads\/2021\/09\/Andorra_pa\u00eds-300x225.jpg\" alt=\"\" width=\"300\" height=\"225\" srcset=\"https:\/\/www.comunicatur.info\/wp-content\/uploads\/2021\/09\/Andorra_pa\u00eds-300x225.jpg 300w, https:\/\/www.comunicatur.info\/wp-content\/uploads\/2021\/09\/Andorra_pa\u00eds-768x576.jpg 768w, https:\/\/www.comunicatur.info\/wp-content\/uploads\/2021\/09\/Andorra_pa\u00eds-1024x768.jpg 1024w, https:\/\/www.comunicatur.info\/wp-content\/uploads\/2021\/09\/Andorra_pa\u00eds-600x450.jpg 600w, https:\/\/www.comunicatur.info\/wp-content\/uploads\/2021\/09\/Andorra_pa\u00eds.jpg 2016w\" sizes=\"(max-width: 300px) 100vw, 300px\" \/>El Gobierno andorrano ha recuperado su intenci\u00f3n de implantar una tasa tur\u00edstica. El anuncio lo ha realizado el jefe del Ejecutivo que lo ha incluido como uno de los nuevos impuestos que introducir\u00e1 durante el 2022.<!--more--><\/p>\n<p>La intenci\u00f3n de poner un impuesto tur\u00edstico viene de lejos. En el mes de marzo del pasado a\u00f1o en Comunicatur ya informamos que el ministerio de Turismo de <a href=\"https:\/\/www.comunicatur.info\/es\/andorra-trabaja-en-implantar-una-tasa-turistica\/\" target=\"_blank\" rel=\"noopener noreferrer\">Andorra ten\u00eda sobre la mesa como punto estrat\u00e9gico la recaudaci\u00f3n de una tasa a los turistas que permitiera recaudar fondos para invertir en el propio sector.<\/a><\/p>\n<p><img class=\"alignright size-medium wp-image-17263\" src=\"https:\/\/www.comunicatur.info\/wp-content\/uploads\/2021\/09\/AndorraXavier_Espot-214x300.jpg\" alt=\"\" width=\"214\" height=\"300\" \/>Todav\u00eda no tiene fecha de aplicaci\u00f3n, pero podr\u00eda producirse en el segundo semestre de 2022. El jefe de Gobierno, Xavier Espot, ha confirmado que ser\u00e1 un impuesto finalista y que gravar\u00e1 las estancias en alojamientos tur\u00edsticos. <em><strong>\u201cHa de servir para financiar proyectos que contribuyan a mejorar la calidad de los servicios tur\u00edsticos, desestacionalizar la afluencia de visitantes, diversificar la oferta del pa\u00eds y maximizar la experiencia positiva de los clientes\u201d<\/strong><\/em>, ha declarado Espot.<\/p>\n<p>No se ha hecho p\u00fablico el importe de la tasa pero s\u00ed que tendr\u00e1 una gradaci\u00f3n en funci\u00f3n de la categor\u00eda de los establecimientos. Se recaudar\u00e1 en hoteles, campings y apartamentos tur\u00edsticos a los clientes que pernocten con un m\u00e1ximo de pago de 14 noches. Quedar\u00e1n eximidos los menores de doce a\u00f1os y los clientes de nacionalidad andorrana.<\/p>\n","protected":false},"excerpt":{"rendered":"<p>El Gobierno andorrano ha recuperado su intenci\u00f3n de implantar una tasa tur\u00edstica. El anuncio lo ha realizado el jefe del Ejecutivo que lo ha incluido como uno de los nuevos impuestos que introducir\u00e1 durante el 2022. La intenci\u00f3n de poner un impuesto tur\u00edstico viene de lejos. En el mes de marzo del pasado a\u00f1o en &hellip;<\/p>\n","protected":false},"author":408,"featured_media":0,"comment_status":"closed","ping_status":"open","sticky":false,"template":"","format":"standard","meta":[],"categories":[64],"tags":[],"_links":{"self":[{"href":"https:\/\/www.comunicatur.info\/es\/wp-json\/wp\/v2\/posts\/17266"}],"collection":[{"href":"https:\/\/www.comunicatur.info\/es\/wp-json\/wp\/v2\/posts"}],"about":[{"href":"https:\/\/www.comunicatur.info\/es\/wp-json\/wp\/v2\/types\/post"}],"author":[{"embeddable":true,"href":"https:\/\/www.comunicatur.info\/es\/wp-json\/wp\/v2\/users\/408"}],"replies":[{"embeddable":true,"href":"https:\/\/www.comunicatur.info\/es\/wp-json\/wp\/v2\/comments?post=17266"}],"version-history":[{"count":1,"href":"https:\/\/www.comunicatur.info\/es\/wp-json\/wp\/v2\/posts\/17266\/revisions"}],"predecessor-version":[{"id":17267,"href":"https:\/\/www.comunicatur.info\/es\/wp-json\/wp\/v2\/posts\/17266\/revisions\/17267"}],"wp:attachment":[{"href":"https:\/\/www.comunicatur.info\/es\/wp-json\/wp\/v2\/media?parent=17266"}],"wp:term":[{"taxonomy":"category","embeddable":true,"href":"https:\/\/www.comunicatur.info\/es\/wp-json\/wp\/v2\/categories?post=17266"},{"taxonomy":"post_tag","embeddable":true,"href":"https:\/\/www.comunicatur.info\/es\/wp-json\/wp\/v2\/tags?post=17266"}],"curies":[{"name":"wp","href":"https:\/\/api.w.org\/{rel}","templated":true}]}}