{"id":17259,"date":"2021-09-20T00:00:27","date_gmt":"2021-09-19T22:00:27","guid":{"rendered":"https:\/\/comunicatur.info\/?p=17259"},"modified":"2021-09-18T12:40:35","modified_gmt":"2021-09-18T10:40:35","slug":"optimismo-en-el-sector-turistico-de-cara-al-final-de-ano","status":"publish","type":"post","link":"https:\/\/www.comunicatur.info\/es\/optimismo-en-el-sector-turistico-de-cara-al-final-de-ano\/","title":{"rendered":"Optimismo en el sector tur\u00edstico de cara al final de a\u00f1o"},"content":{"rendered":"<p>La evoluci\u00f3n de la vacunaci\u00f3n en Europa est\u00e1 muy avanzada, los gobiernos levantan condiciones y limitaciones a los viajes y los operadores empiezan a vislumbrar un oto\u00f1o de ventas para el programa 2022.<!--more--><\/p>\n<p><img class=\"alignright size-medium wp-image-17257\" src=\"https:\/\/www.comunicatur.info\/wp-content\/uploads\/2021\/09\/aeroport_terminal-300x189.jpg\" alt=\"\" width=\"300\" height=\"189\" srcset=\"https:\/\/www.comunicatur.info\/wp-content\/uploads\/2021\/09\/aeroport_terminal-300x189.jpg 300w, https:\/\/www.comunicatur.info\/wp-content\/uploads\/2021\/09\/aeroport_terminal-768x485.jpg 768w, https:\/\/www.comunicatur.info\/wp-content\/uploads\/2021\/09\/aeroport_terminal-1024x646.jpg 1024w, https:\/\/www.comunicatur.info\/wp-content\/uploads\/2021\/09\/aeroport_terminal-600x379.jpg 600w, https:\/\/www.comunicatur.info\/wp-content\/uploads\/2021\/09\/aeroport_terminal.jpg 1440w\" sizes=\"(max-width: 300px) 100vw, 300px\" \/>Pasados los meses de verano, donde los viajes se han limitado considerablemente, ahora se abre un oto\u00f1o lleno de buenas perspectivas.Los diferentes pa\u00edses ya est\u00e1n sacando de las zonas de alto riesgo a buena parte de los destinos tur\u00edsticos. Estados Unidos lo podr\u00eda hacer pr\u00f3ximamente. Las agencias de viajes de toda Europa detectan que hay muchas ganas de viajar lo que les llama al optimismo.<\/p>\n<p>Con m\u00e1s del 70% de la poblaci\u00f3n espa\u00f1ola ya vacunada la imagen del destino es muy positiva. Aunque est\u00e1 por ver si este alto grado de inmunidad tiene un efecto sustancial s\u00ed que traslada una imagen de seguridad y solvencia del destino Espa\u00f1a.<\/p>\n<p>Esta ser\u00e1 una de las bazas que aprovechar\u00e1n tanto los entes de promoci\u00f3n tur\u00edstica como el sector empresarial para vender el destino a operadores y clientes en los pr\u00f3ximos cert\u00e1menes tur\u00edsticos.<\/p>\n<p>La actuaci\u00f3n coordinada de las autoridades europeas, a su vez, tambi\u00e9n ofrece una imagen de seguridad y solvencia a los mercados emisores m\u00e1s lejanos. Poco a poco el miedo a visitar Europa se va disipando en el continente americano y en el asi\u00e1tico. Nuestra situaci\u00f3n epidemiol\u00f3gica, el ritmo de vacunaci\u00f3n e inmunidad, y las medidas anti-covid que toma el sector transmite esta imagen de destino seguro.<\/p>\n<p>As\u00ed que el optimismo comienza a instalarse en el sector y contamos con que sea una realidad.<\/p>\n","protected":false},"excerpt":{"rendered":"<p>La evoluci\u00f3n de la vacunaci\u00f3n en Europa est\u00e1 muy avanzada, los gobiernos levantan condiciones y limitaciones a los viajes y los operadores empiezan a vislumbrar un oto\u00f1o de ventas para el programa 2022. Pasados los meses de verano, donde los viajes se han limitado considerablemente, ahora se abre un oto\u00f1o lleno de buenas perspectivas.Los diferentes &hellip;<\/p>\n","protected":false},"author":408,"featured_media":0,"comment_status":"closed","ping_status":"open","sticky":false,"template":"","format":"standard","meta":[],"categories":[74],"tags":[],"_links":{"self":[{"href":"https:\/\/www.comunicatur.info\/es\/wp-json\/wp\/v2\/posts\/17259"}],"collection":[{"href":"https:\/\/www.comunicatur.info\/es\/wp-json\/wp\/v2\/posts"}],"about":[{"href":"https:\/\/www.comunicatur.info\/es\/wp-json\/wp\/v2\/types\/post"}],"author":[{"embeddable":true,"href":"https:\/\/www.comunicatur.info\/es\/wp-json\/wp\/v2\/users\/408"}],"replies":[{"embeddable":true,"href":"https:\/\/www.comunicatur.info\/es\/wp-json\/wp\/v2\/comments?post=17259"}],"version-history":[{"count":1,"href":"https:\/\/www.comunicatur.info\/es\/wp-json\/wp\/v2\/posts\/17259\/revisions"}],"predecessor-version":[{"id":17260,"href":"https:\/\/www.comunicatur.info\/es\/wp-json\/wp\/v2\/posts\/17259\/revisions\/17260"}],"wp:attachment":[{"href":"https:\/\/www.comunicatur.info\/es\/wp-json\/wp\/v2\/media?parent=17259"}],"wp:term":[{"taxonomy":"category","embeddable":true,"href":"https:\/\/www.comunicatur.info\/es\/wp-json\/wp\/v2\/categories?post=17259"},{"taxonomy":"post_tag","embeddable":true,"href":"https:\/\/www.comunicatur.info\/es\/wp-json\/wp\/v2\/tags?post=17259"}],"curies":[{"name":"wp","href":"https:\/\/api.w.org\/{rel}","templated":true}]}}