{"id":17232,"date":"2021-09-08T15:15:55","date_gmt":"2021-09-08T13:15:55","guid":{"rendered":"https:\/\/comunicatur.info\/?p=17232"},"modified":"2021-09-08T15:27:32","modified_gmt":"2021-09-08T13:27:32","slug":"la-agencia-catalana-de-turismo-tiene-nuevo-director","status":"publish","type":"post","link":"https:\/\/www.comunicatur.info\/es\/la-agencia-catalana-de-turismo-tiene-nuevo-director\/","title":{"rendered":"La Agencia Catalana de Turismo tiene nuevo director"},"content":{"rendered":"<p>El organismo de promoci\u00f3n tur\u00edstica de Catalu\u00f1a ha sustituido a David Font en la direcci\u00f3n del ente. El consejero de Empresa y Trabajo, que tambi\u00e9n es el presidente de la Agencia Catalana de Turismo (ACT), Roger Torrent, ha nombrado a Narc\u00eds Ferrer como nuevo responsable.<!--more--><\/p>\n<p><img class=\"alignright size-medium wp-image-17230\" src=\"https:\/\/www.comunicatur.info\/wp-content\/uploads\/2021\/09\/Narc\u00eds_Ferrer_director_ACT-300x225.jpeg\" alt=\"\" width=\"300\" height=\"225\" srcset=\"https:\/\/www.comunicatur.info\/wp-content\/uploads\/2021\/09\/Narc\u00eds_Ferrer_director_ACT-300x225.jpeg 300w, https:\/\/www.comunicatur.info\/wp-content\/uploads\/2021\/09\/Narc\u00eds_Ferrer_director_ACT-768x576.jpeg 768w, https:\/\/www.comunicatur.info\/wp-content\/uploads\/2021\/09\/Narc\u00eds_Ferrer_director_ACT-1024x768.jpeg 1024w, https:\/\/www.comunicatur.info\/wp-content\/uploads\/2021\/09\/Narc\u00eds_Ferrer_director_ACT-600x450.jpeg 600w, https:\/\/www.comunicatur.info\/wp-content\/uploads\/2021\/09\/Narc\u00eds_Ferrer_director_ACT.jpeg 1280w\" sizes=\"(max-width: 300px) 100vw, 300px\" \/>Ferrer es diplomado en Ciencias Empresariales (UVic), con un posgrado en Direcci\u00f3n de Servicios y Proyectos de Promoci\u00f3n Local (UdG). \u00abSu trayectoria profesional est\u00e1 vinculada al sector tur\u00edstico, con una larga experiencia en la gesti\u00f3n de proyectos estrat\u00e9gicos y operativos que implican la participaci\u00f3n de los sectores p\u00fablico y privado\u00bb, afirman en un comunicado.<\/p>\n<p>Asimismo, a\u00f1aden que Narc\u00eds Ferrer cuenta con experiencia en el \u00e1mbito de la gesti\u00f3n hotelera y en la creaci\u00f3n y consolidaci\u00f3n de destinos y proyectos tur\u00edsticos. El nuevo director de la ACT ha sido gerente del Instituto de Promoci\u00f3n Econ\u00f3mica de Palafrugell y ha trabajado de consultor de destinos tur\u00edsticos locales y entidades locales de promoci\u00f3n econ\u00f3mica.<\/p>\n","protected":false},"excerpt":{"rendered":"<p>El organismo de promoci\u00f3n tur\u00edstica de Catalu\u00f1a ha sustituido a David Font en la direcci\u00f3n del ente. El consejero de Empresa y Trabajo, que tambi\u00e9n es el presidente de la Agencia Catalana de Turismo (ACT), Roger Torrent, ha nombrado a Narc\u00eds Ferrer como nuevo responsable. Ferrer es diplomado en Ciencias Empresariales (UVic), con un posgrado &hellip;<\/p>\n","protected":false},"author":408,"featured_media":0,"comment_status":"closed","ping_status":"open","sticky":false,"template":"","format":"standard","meta":[],"categories":[62],"tags":[],"_links":{"self":[{"href":"https:\/\/www.comunicatur.info\/es\/wp-json\/wp\/v2\/posts\/17232"}],"collection":[{"href":"https:\/\/www.comunicatur.info\/es\/wp-json\/wp\/v2\/posts"}],"about":[{"href":"https:\/\/www.comunicatur.info\/es\/wp-json\/wp\/v2\/types\/post"}],"author":[{"embeddable":true,"href":"https:\/\/www.comunicatur.info\/es\/wp-json\/wp\/v2\/users\/408"}],"replies":[{"embeddable":true,"href":"https:\/\/www.comunicatur.info\/es\/wp-json\/wp\/v2\/comments?post=17232"}],"version-history":[{"count":1,"href":"https:\/\/www.comunicatur.info\/es\/wp-json\/wp\/v2\/posts\/17232\/revisions"}],"predecessor-version":[{"id":17233,"href":"https:\/\/www.comunicatur.info\/es\/wp-json\/wp\/v2\/posts\/17232\/revisions\/17233"}],"wp:attachment":[{"href":"https:\/\/www.comunicatur.info\/es\/wp-json\/wp\/v2\/media?parent=17232"}],"wp:term":[{"taxonomy":"category","embeddable":true,"href":"https:\/\/www.comunicatur.info\/es\/wp-json\/wp\/v2\/categories?post=17232"},{"taxonomy":"post_tag","embeddable":true,"href":"https:\/\/www.comunicatur.info\/es\/wp-json\/wp\/v2\/tags?post=17232"}],"curies":[{"name":"wp","href":"https:\/\/api.w.org\/{rel}","templated":true}]}}