{"id":17201,"date":"2021-08-24T00:00:09","date_gmt":"2021-08-23T22:00:09","guid":{"rendered":"https:\/\/comunicatur.info\/?p=17201"},"modified":"2021-08-23T13:30:56","modified_gmt":"2021-08-23T11:30:56","slug":"reservar-entrada-para-poder-visitar-venecia","status":"publish","type":"post","link":"https:\/\/www.comunicatur.info\/es\/reservar-entrada-para-poder-visitar-venecia\/","title":{"rendered":"Reservar entrada para poder visitar Venecia"},"content":{"rendered":"<p>Venecia ser\u00e1 la primera ciudad que requerir\u00e1 de una reserva de entrada previa para poder acceder a ella. Ser\u00e1 a partir del verano de 2022 cuando los turistas que quieran visitarla deber\u00e1n pagar para entrar.<!--more--><\/p>\n<p><img class=\"alignright size-medium wp-image-17198\" src=\"https:\/\/www.comunicatur.info\/wp-content\/uploads\/2021\/08\/Venecia-300x200.jpg\" alt=\"\" width=\"300\" height=\"200\" srcset=\"https:\/\/www.comunicatur.info\/wp-content\/uploads\/2021\/08\/Venecia-300x200.jpg 300w, https:\/\/www.comunicatur.info\/wp-content\/uploads\/2021\/08\/Venecia.jpg 320w\" sizes=\"(max-width: 300px) 100vw, 300px\" \/>As\u00ed, con reserva previa quiere combatir Venecia la masificaci\u00f3n tur\u00edstica. Una aut\u00e9ntica ciudad de pago desde el pr\u00f3ximo mes de junio. Unos tornos de acceso al centro hist\u00f3rico controlar\u00e1n la afluencia de visitantes que durante un verano normal supera los 100.000 turistas diarios. Algunos c\u00e1lculos indican que cada a\u00f1o 25 millones de turistas visitan la ciudad, de los cuales 14 millones no pernoctan y solo van a pasar el d\u00eda.<\/p>\n<p>Las autoridades locales est\u00e1n probando la din\u00e1mica de funcionamiento que seguramente utilizar\u00e1 unos lectores de c\u00f3digo QR que identificar\u00e1 la reserva realizada de forma telem\u00e1tica, v\u00eda web o aplicaci\u00f3n m\u00f3vil. A\u00fan tienen que decidir el precio de la entrada que podr\u00eda oscilar entre los 3 y 10 euros.<\/p>\n<p>Obviamente los residentes quedar\u00e1n excluidos del pago, as\u00ed como sus familiares m\u00e1s pr\u00f3ximos. Con todo, la ciudad de Venecia se puede convertir, ahora s\u00ed, en un aut\u00e9ntico parque tem\u00e1tico, con su reserva previa, su entrada personalizada, su torno de acceso y su aut\u00e9ntica tematizaci\u00f3n: Venecia.<\/p>\n<p>Esta medida de protecci\u00f3n se suma a la ya anunciada de prohibici\u00f3n de los cruceros que publicamos en Comunicatur.<\/p>\n","protected":false},"excerpt":{"rendered":"<p>Venecia ser\u00e1 la primera ciudad que requerir\u00e1 de una reserva de entrada previa para poder acceder a ella. Ser\u00e1 a partir del verano de 2022 cuando los turistas que quieran visitarla deber\u00e1n pagar para entrar. As\u00ed, con reserva previa quiere combatir Venecia la masificaci\u00f3n tur\u00edstica. Una aut\u00e9ntica ciudad de pago desde el pr\u00f3ximo mes de &hellip;<\/p>\n","protected":false},"author":408,"featured_media":0,"comment_status":"closed","ping_status":"open","sticky":false,"template":"","format":"standard","meta":[],"categories":[62],"tags":[],"_links":{"self":[{"href":"https:\/\/www.comunicatur.info\/es\/wp-json\/wp\/v2\/posts\/17201"}],"collection":[{"href":"https:\/\/www.comunicatur.info\/es\/wp-json\/wp\/v2\/posts"}],"about":[{"href":"https:\/\/www.comunicatur.info\/es\/wp-json\/wp\/v2\/types\/post"}],"author":[{"embeddable":true,"href":"https:\/\/www.comunicatur.info\/es\/wp-json\/wp\/v2\/users\/408"}],"replies":[{"embeddable":true,"href":"https:\/\/www.comunicatur.info\/es\/wp-json\/wp\/v2\/comments?post=17201"}],"version-history":[{"count":1,"href":"https:\/\/www.comunicatur.info\/es\/wp-json\/wp\/v2\/posts\/17201\/revisions"}],"predecessor-version":[{"id":17202,"href":"https:\/\/www.comunicatur.info\/es\/wp-json\/wp\/v2\/posts\/17201\/revisions\/17202"}],"wp:attachment":[{"href":"https:\/\/www.comunicatur.info\/es\/wp-json\/wp\/v2\/media?parent=17201"}],"wp:term":[{"taxonomy":"category","embeddable":true,"href":"https:\/\/www.comunicatur.info\/es\/wp-json\/wp\/v2\/categories?post=17201"},{"taxonomy":"post_tag","embeddable":true,"href":"https:\/\/www.comunicatur.info\/es\/wp-json\/wp\/v2\/tags?post=17201"}],"curies":[{"name":"wp","href":"https:\/\/api.w.org\/{rel}","templated":true}]}}