{"id":17185,"date":"2021-08-10T00:00:00","date_gmt":"2021-08-09T22:00:00","guid":{"rendered":"https:\/\/comunicatur.info\/?p=17185"},"modified":"2021-08-09T17:02:14","modified_gmt":"2021-08-09T15:02:14","slug":"el-congreso-mundial-de-turismo-deportivo-en-lloret-de-mar-los-proximos-25-y-26-de-noviembre","status":"publish","type":"post","link":"https:\/\/www.comunicatur.info\/es\/el-congreso-mundial-de-turismo-deportivo-en-lloret-de-mar-los-proximos-25-y-26-de-noviembre\/","title":{"rendered":"El Congreso Mundial de Turismo Deportivo, en Lloret de Mar los pr\u00f3ximos 25 y 26 de noviembre"},"content":{"rendered":"<p>La Organizaci\u00f3n Mundial del Turismo (OMT) ha puesto fecha al World Sport Tourism Congress que deb\u00eda celebrarse en 2020 y se pospuso por la pandemia. Ser\u00e1 en Lloret de Mar (Costa Brava) los d\u00edas 25 y 26 de noviembre de este a\u00f1o, en el Palau de Congresos Olympic.<!--more--><\/p>\n<p><img class=\"alignright wp-image-17191 size-medium\" src=\"https:\/\/www.comunicatur.info\/wp-content\/uploads\/2021\/08\/costa_mar_esport-300x185.jpg\" alt=\"\" width=\"300\" height=\"185\" srcset=\"https:\/\/www.comunicatur.info\/wp-content\/uploads\/2021\/08\/costa_mar_esport-300x185.jpg 300w, https:\/\/www.comunicatur.info\/wp-content\/uploads\/2021\/08\/costa_mar_esport-600x370.jpg 600w, https:\/\/www.comunicatur.info\/wp-content\/uploads\/2021\/08\/costa_mar_esport.jpg 656w\" sizes=\"(max-width: 300px) 100vw, 300px\" \/><\/p>\n<p>El evento estima congregar a medio millar de profesionales y expertos del sector a los que se sumar\u00e1n otros que asistir\u00e1n en formato telem\u00e1tico. <a href=\"http:\/\/worldsportstourismcongress.org\/\" target=\"_blank\" rel=\"noopener noreferrer\">Las preinscripciones est\u00e1n abiertas en el web del congreso.<\/a><\/p>\n<p>La OMT y la Generalitat de Catalu\u00f1a, organizadores del congreso, han explicado que los objetivos del certamen son: reforzar la relaci\u00f3n entre el turismo deportivo y el desarrollo sostenible e inclusivo, la diversificaci\u00f3n, la diferenciaci\u00f3n y la desestacionalizaci\u00f3n. El anuncio del congreso coincide con la decisi\u00f3n formal del Gobierno catal\u00e1n de impulsar la candidatura de los Juegos Ol\u00edmpicos de Invierno Barcelona-Pirineos 2030.<\/p>\n<p>El congreso contar\u00e1 con ponentes de prestigio internacional y el programa incluir\u00e1 conferencias, talleres y mesas redondas para abordar las principales tendencias en el deporte y la actividad f\u00edsica; la innovaci\u00f3n en el turismo deportivo y la asistencia en masa a eventos deportivos.<\/p>\n<p>Catalu\u00f1a se quiere beneficiar de una celebraci\u00f3n mundial como \u00e9sta. El turismo deportivo se ha convertido en los \u00faltimos a\u00f1os en un sector estrat\u00e9gico para el destino catal\u00e1n. Durante el a\u00f1o 2018, cerca de 260.000 turistas internacionales eligieron Catalu\u00f1a por motivos deportivos, a los que hay que sumar m\u00e1s de 500.000 residentes en Catalu\u00f1a y 200.000 del resto de Espa\u00f1a. Calculan que generaron un impacto econ\u00f3mico directo de 270 millones de euros.<\/p>\n<p>Por su parte, Lloret de Mar, sede del Congreso Mundial de Turismo Deportivo 2021, recibe anualmente a m\u00e1s de 60.000 deportistas y acompa\u00f1antes y, durante el a\u00f1o 2019, acogi\u00f3 un total de 446 eventos y competiciones deportivas.<\/p>\n","protected":false},"excerpt":{"rendered":"<p>La Organizaci\u00f3n Mundial del Turismo (OMT) ha puesto fecha al World Sport Tourism Congress que deb\u00eda celebrarse en 2020 y se pospuso por la pandemia. Ser\u00e1 en Lloret de Mar (Costa Brava) los d\u00edas 25 y 26 de noviembre de este a\u00f1o, en el Palau de Congresos Olympic. El evento estima congregar a medio millar &hellip;<\/p>\n","protected":false},"author":408,"featured_media":0,"comment_status":"closed","ping_status":"open","sticky":false,"template":"","format":"standard","meta":[],"categories":[62,63],"tags":[],"_links":{"self":[{"href":"https:\/\/www.comunicatur.info\/es\/wp-json\/wp\/v2\/posts\/17185"}],"collection":[{"href":"https:\/\/www.comunicatur.info\/es\/wp-json\/wp\/v2\/posts"}],"about":[{"href":"https:\/\/www.comunicatur.info\/es\/wp-json\/wp\/v2\/types\/post"}],"author":[{"embeddable":true,"href":"https:\/\/www.comunicatur.info\/es\/wp-json\/wp\/v2\/users\/408"}],"replies":[{"embeddable":true,"href":"https:\/\/www.comunicatur.info\/es\/wp-json\/wp\/v2\/comments?post=17185"}],"version-history":[{"count":2,"href":"https:\/\/www.comunicatur.info\/es\/wp-json\/wp\/v2\/posts\/17185\/revisions"}],"predecessor-version":[{"id":17195,"href":"https:\/\/www.comunicatur.info\/es\/wp-json\/wp\/v2\/posts\/17185\/revisions\/17195"}],"wp:attachment":[{"href":"https:\/\/www.comunicatur.info\/es\/wp-json\/wp\/v2\/media?parent=17185"}],"wp:term":[{"taxonomy":"category","embeddable":true,"href":"https:\/\/www.comunicatur.info\/es\/wp-json\/wp\/v2\/categories?post=17185"},{"taxonomy":"post_tag","embeddable":true,"href":"https:\/\/www.comunicatur.info\/es\/wp-json\/wp\/v2\/tags?post=17185"}],"curies":[{"name":"wp","href":"https:\/\/api.w.org\/{rel}","templated":true}]}}