{"id":17167,"date":"2021-08-30T00:00:38","date_gmt":"2021-08-29T22:00:38","guid":{"rendered":"https:\/\/comunicatur.info\/?p=17167"},"modified":"2021-08-23T13:17:39","modified_gmt":"2021-08-23T11:17:39","slug":"una-central-de-reservas-para-los-refugios-del-pirineo","status":"publish","type":"post","link":"https:\/\/www.comunicatur.info\/es\/una-central-de-reservas-para-los-refugios-del-pirineo\/","title":{"rendered":"Una central de reservas para los refugios del Pirineo"},"content":{"rendered":"<p>70 refugios del Pirineo se han integrado en una central de reservas que permite gestionar el alojamiento gracias al proyecto transfronterizo Entrepyr II financiado con fondos europeos.<!--more--><\/p>\n<p><img class=\"alignright size-medium wp-image-17161\" src=\"https:\/\/www.comunicatur.info\/wp-content\/uploads\/2021\/08\/central_refugis_portalweb-300x173.jpg\" alt=\"\" width=\"300\" height=\"173\" srcset=\"https:\/\/www.comunicatur.info\/wp-content\/uploads\/2021\/08\/central_refugis_portalweb-300x173.jpg 300w, https:\/\/www.comunicatur.info\/wp-content\/uploads\/2021\/08\/central_refugis_portalweb-768x444.jpg 768w, https:\/\/www.comunicatur.info\/wp-content\/uploads\/2021\/08\/central_refugis_portalweb-1024x591.jpg 1024w, https:\/\/www.comunicatur.info\/wp-content\/uploads\/2021\/08\/central_refugis_portalweb-600x347.jpg 600w, https:\/\/www.comunicatur.info\/wp-content\/uploads\/2021\/08\/central_refugis_portalweb.jpg 1205w\" sizes=\"(max-width: 300px) 100vw, 300px\" \/>Mediante una web se ofrece informaci\u00f3n \u00fatil a monta\u00f1eros y senderistas, permite a los usuarios hacer<a href=\"https:\/\/entrepyr.eu\/\" target=\"_blank\" rel=\"noopener noreferrer\"> reservas online<\/a> de estos alojamientos, situarlos geogr\u00e1ficamente y encontrar las rutas d conexi\u00f3n entre refugios.<\/p>\n<p>La promoci\u00f3n de esta central de reservas pretende atraer nuevos p\u00fablicos como turistas alemanes o n\u00f3rdicos, que conocen bien los Alpes y no tanto el Pirineo. A parte de reservar plaza y descargar diversos itinerarios de rutas, el web permite visionar webcams en directo, entre otras iniciativas.<\/p>\n<p><img class=\"alignright size-medium wp-image-17162\" src=\"https:\/\/www.comunicatur.info\/wp-content\/uploads\/2021\/08\/refugi_Pirineu_Lleida-300x201.jpg\" alt=\"\" width=\"300\" height=\"201\" srcset=\"https:\/\/www.comunicatur.info\/wp-content\/uploads\/2021\/08\/refugi_Pirineu_Lleida-300x201.jpg 300w, https:\/\/www.comunicatur.info\/wp-content\/uploads\/2021\/08\/refugi_Pirineu_Lleida-768x514.jpg 768w, https:\/\/www.comunicatur.info\/wp-content\/uploads\/2021\/08\/refugi_Pirineu_Lleida-1024x685.jpg 1024w, https:\/\/www.comunicatur.info\/wp-content\/uploads\/2021\/08\/refugi_Pirineu_Lleida-600x402.jpg 600w, https:\/\/www.comunicatur.info\/wp-content\/uploads\/2021\/08\/refugi_Pirineu_Lleida.jpg 1536w\" sizes=\"(max-width: 300px) 100vw, 300px\" \/>La red de refugios incluida en la central de reservas abarca Catalu\u00f1a, Arag\u00f3n, Navarra, Andorra y el sur de Francia. El Patronato de Turismo de la Diputaci\u00f3n de Lleida ha informado que de los setenta refugios 14 est\u00e1n situados en la demarcaci\u00f3n de Lleida: Ventosa i Calvell (la Alta Ribagor\u00e7a); Estany de la Pera y Prat d&#8217;Aguil\u00f3 (la Cerdanya); Colomina (el Pallars Juss\u00e0); Amitges, Certascan, Josep Maria Blanc y Vallferrera (el Pallars Sobir\u00e0), y Artiga de Lin, Colom\u00e8rs, Conangles, Restanca y Saboredo (la Val d\u2019Aran).<\/p>\n<p>Web: <a href=\"https:\/\/entrepyr.eu\/\" target=\"_blank\" rel=\"noopener noreferrer\">https:\/\/entrepyr.eu\/<\/a><\/p>\n","protected":false},"excerpt":{"rendered":"<p>70 refugios del Pirineo se han integrado en una central de reservas que permite gestionar el alojamiento gracias al proyecto transfronterizo Entrepyr II financiado con fondos europeos. Mediante una web se ofrece informaci\u00f3n \u00fatil a monta\u00f1eros y senderistas, permite a los usuarios hacer reservas online de estos alojamientos, situarlos geogr\u00e1ficamente y encontrar las rutas d &hellip;<\/p>\n","protected":false},"author":408,"featured_media":0,"comment_status":"closed","ping_status":"open","sticky":false,"template":"","format":"standard","meta":[],"categories":[66,59],"tags":[],"_links":{"self":[{"href":"https:\/\/www.comunicatur.info\/es\/wp-json\/wp\/v2\/posts\/17167"}],"collection":[{"href":"https:\/\/www.comunicatur.info\/es\/wp-json\/wp\/v2\/posts"}],"about":[{"href":"https:\/\/www.comunicatur.info\/es\/wp-json\/wp\/v2\/types\/post"}],"author":[{"embeddable":true,"href":"https:\/\/www.comunicatur.info\/es\/wp-json\/wp\/v2\/users\/408"}],"replies":[{"embeddable":true,"href":"https:\/\/www.comunicatur.info\/es\/wp-json\/wp\/v2\/comments?post=17167"}],"version-history":[{"count":2,"href":"https:\/\/www.comunicatur.info\/es\/wp-json\/wp\/v2\/posts\/17167\/revisions"}],"predecessor-version":[{"id":17175,"href":"https:\/\/www.comunicatur.info\/es\/wp-json\/wp\/v2\/posts\/17167\/revisions\/17175"}],"wp:attachment":[{"href":"https:\/\/www.comunicatur.info\/es\/wp-json\/wp\/v2\/media?parent=17167"}],"wp:term":[{"taxonomy":"category","embeddable":true,"href":"https:\/\/www.comunicatur.info\/es\/wp-json\/wp\/v2\/categories?post=17167"},{"taxonomy":"post_tag","embeddable":true,"href":"https:\/\/www.comunicatur.info\/es\/wp-json\/wp\/v2\/tags?post=17167"}],"curies":[{"name":"wp","href":"https:\/\/api.w.org\/{rel}","templated":true}]}}