{"id":17134,"date":"2021-07-30T00:00:56","date_gmt":"2021-07-29T22:00:56","guid":{"rendered":"https:\/\/comunicatur.info\/?p=17134"},"modified":"2021-07-29T14:30:29","modified_gmt":"2021-07-29T12:30:29","slug":"la-central-de-reservas-de-las-kellys-ya-cuenta-con-medio-millar-de-mecenas","status":"publish","type":"post","link":"https:\/\/www.comunicatur.info\/es\/la-central-de-reservas-de-las-kellys-ya-cuenta-con-medio-millar-de-mecenas\/","title":{"rendered":"La central de reservas de &#8216;Las Kellys&#8217; ya cuenta con medio millar de mecenas"},"content":{"rendered":"<p>El sindicato de Las &#8216;Kellys&#8217; que representa las camareras de piso y trabajadoras de la limpieza est\u00e1 impulsando la creaci\u00f3n de su propia central de reservas de alojamiento. Quieren comercializar aquellos hoteles que cumplan con unos requisitos de \u00abtrabajo justo\u00bb.<!--more--><\/p>\n<p><img class=\"alignright size-medium wp-image-17131\" src=\"https:\/\/www.comunicatur.info\/wp-content\/uploads\/2021\/07\/las_Kellys-300x225.jpg\" alt=\"\" width=\"300\" height=\"225\" srcset=\"https:\/\/www.comunicatur.info\/wp-content\/uploads\/2021\/07\/las_Kellys-300x225.jpg 300w, https:\/\/www.comunicatur.info\/wp-content\/uploads\/2021\/07\/las_Kellys-768x576.jpg 768w, https:\/\/www.comunicatur.info\/wp-content\/uploads\/2021\/07\/las_Kellys.jpg 1024w, https:\/\/www.comunicatur.info\/wp-content\/uploads\/2021\/07\/las_Kellys-600x450.jpg 600w\" sizes=\"(max-width: 300px) 100vw, 300px\" \/>Para poder hacerla realidad Las Kellys han activado una <a href=\"https:\/\/www.goteo.org\/project\/las-kellys\" target=\"_blank\" rel=\"noopener noreferrer\">campa\u00f1a de micromecenazgo<\/a> que durante el mes de julio ha recaudado 15.000 euros de los 60.000 euros que marcan como m\u00ednimo para sacarla adelante. Hasta ahora han sido medio millar los donantes que han aportado esta primera cantidad que a\u00fan queda lejos de la inversi\u00f3n necesaria.<\/p>\n<p>En caso de conseguir la financiaci\u00f3n quieren que la central de reservas hoteleras se ponga en marcha coincidiendo con el 2022. Quieren demostrar que los hoteles que cumplen con lo que el sindicato considera criterios de \u00abtrabajo justo\u00bb son viables y pueden estar en el mercado. Recuerdan que el Parlamento catal\u00e1n pidi\u00f3 la <a href=\"https:\/\/www.comunicatur.info\/es\/un-sello-de-compromiso-justo-con-el-empleo-turistico\/\" target=\"_blank\" rel=\"noopener noreferrer\">creaci\u00f3n de un sello de calidad laboral en la hosteler\u00eda<\/a> que la administraci\u00f3n no ha impulsado.<\/p>\n<p><img class=\"alignright size-medium wp-image-12151\" src=\"https:\/\/www.comunicatur.info\/wp-content\/uploads\/2018\/05\/kellys_mani-300x195.jpg\" alt=\"\" width=\"300\" height=\"195\" srcset=\"https:\/\/www.comunicatur.info\/wp-content\/uploads\/2018\/05\/kellys_mani-300x195.jpg 300w, https:\/\/www.comunicatur.info\/wp-content\/uploads\/2018\/05\/kellys_mani-768x498.jpg 768w, https:\/\/www.comunicatur.info\/wp-content\/uploads\/2018\/05\/kellys_mani-1024x664.jpg 1024w, https:\/\/www.comunicatur.info\/wp-content\/uploads\/2018\/05\/kellys_mani-600x389.jpg 600w, https:\/\/www.comunicatur.info\/wp-content\/uploads\/2018\/05\/kellys_mani.jpg 1424w\" sizes=\"(max-width: 300px) 100vw, 300px\" \/>As\u00ed, el sindicato sigue adelante, por su cuenta, con la identificaci\u00f3n de estos establecimientos. Los hoteles que podr\u00edan comercializar sus habitaciones en la futura central de reservas de Las Kellys deben cumplir los siguientes requisitos:<\/p>\n<p>1.- Respeto y cumplimiento del Convenio Colectivo Interprovincial del Sector de la Hosteler\u00eda y Turismo.<\/p>\n<p>2.- La no externalizaci\u00f3n ni subcontrataci\u00f3n de los trabajos nucleares de la actividad hotelera, como es el de camareras de piso.<\/p>\n<p>3.- El cumplimiento de las Leyes de Prevenci\u00f3n de Riesgos Laborales.<\/p>\n<p>4.- La Igual Retribuci\u00f3n entre hombres y mujeres.<\/p>\n<p>5.- La contrataci\u00f3n de personas que forman parte de colectivos vulnerables.<\/p>\n<p>6.- La existencia de medidas relacionadas con el fomento del trabajo estable y de calidad, como las contrataciones indefinidas a los trabajadores\/as que desempe\u00f1an labores estructurales en el negocio hotelero.<\/p>\n","protected":false},"excerpt":{"rendered":"<p>El sindicato de Las &#8216;Kellys&#8217; que representa las camareras de piso y trabajadoras de la limpieza est\u00e1 impulsando la creaci\u00f3n de su propia central de reservas de alojamiento. Quieren comercializar aquellos hoteles que cumplan con unos requisitos de \u00abtrabajo justo\u00bb. Para poder hacerla realidad Las Kellys han activado una campa\u00f1a de micromecenazgo que durante el &hellip;<\/p>\n","protected":false},"author":408,"featured_media":0,"comment_status":"closed","ping_status":"open","sticky":false,"template":"","format":"standard","meta":[],"categories":[66,59],"tags":[],"_links":{"self":[{"href":"https:\/\/www.comunicatur.info\/es\/wp-json\/wp\/v2\/posts\/17134"}],"collection":[{"href":"https:\/\/www.comunicatur.info\/es\/wp-json\/wp\/v2\/posts"}],"about":[{"href":"https:\/\/www.comunicatur.info\/es\/wp-json\/wp\/v2\/types\/post"}],"author":[{"embeddable":true,"href":"https:\/\/www.comunicatur.info\/es\/wp-json\/wp\/v2\/users\/408"}],"replies":[{"embeddable":true,"href":"https:\/\/www.comunicatur.info\/es\/wp-json\/wp\/v2\/comments?post=17134"}],"version-history":[{"count":3,"href":"https:\/\/www.comunicatur.info\/es\/wp-json\/wp\/v2\/posts\/17134\/revisions"}],"predecessor-version":[{"id":17137,"href":"https:\/\/www.comunicatur.info\/es\/wp-json\/wp\/v2\/posts\/17134\/revisions\/17137"}],"wp:attachment":[{"href":"https:\/\/www.comunicatur.info\/es\/wp-json\/wp\/v2\/media?parent=17134"}],"wp:term":[{"taxonomy":"category","embeddable":true,"href":"https:\/\/www.comunicatur.info\/es\/wp-json\/wp\/v2\/categories?post=17134"},{"taxonomy":"post_tag","embeddable":true,"href":"https:\/\/www.comunicatur.info\/es\/wp-json\/wp\/v2\/tags?post=17134"}],"curies":[{"name":"wp","href":"https:\/\/api.w.org\/{rel}","templated":true}]}}