{"id":17063,"date":"2021-07-12T08:28:11","date_gmt":"2021-07-12T06:28:11","guid":{"rendered":"https:\/\/comunicatur.info\/?p=17063"},"modified":"2021-07-12T08:28:11","modified_gmt":"2021-07-12T06:28:11","slug":"la-temporada-de-turismo-activo-en-el-pirineo-de-lleida-crece-en-actividad","status":"publish","type":"post","link":"https:\/\/www.comunicatur.info\/es\/la-temporada-de-turismo-activo-en-el-pirineo-de-lleida-crece-en-actividad\/","title":{"rendered":"La temporada de turismo activo en el Pirineo de Lleida crece en actividad"},"content":{"rendered":"<p>Las empresas de deportes de Aventura ubicadas en la provincia de Lleida conf\u00edan en superar este a\u00f1o los condicionantes de la pandemia e incrementar en un 25% la actividad del a\u00f1o 2020.<!--more--><\/p>\n<p><img class=\"alignright size-medium wp-image-17061\" src=\"https:\/\/www.comunicatur.info\/wp-content\/uploads\/2021\/07\/Rafting_Actiu_Lleida-300x178.jpg\" alt=\"\" width=\"300\" height=\"178\" srcset=\"https:\/\/www.comunicatur.info\/wp-content\/uploads\/2021\/07\/Rafting_Actiu_Lleida-300x178.jpg 300w, https:\/\/www.comunicatur.info\/wp-content\/uploads\/2021\/07\/Rafting_Actiu_Lleida.jpg 425w\" sizes=\"(max-width: 300px) 100vw, 300px\" \/>Todo apunta a que la temporada puede funcionar bien. La nueva campa\u00f1a ha comenzado con muy buen ritmo. El Turismo Activo en el Pirineo y las Tierras de Lleida superar\u00e1 los 550.000 servicios contratados, en 2020 cerraron con 440.000 servicios. Hay que pensar que en un ejercicio normal este territorio realiza m\u00e1s de 760.000 contrataciones de actividades.<\/p>\n<p>Durante el puente de San Juan las empresas lograron vender un 85% de toda la oferta disponible y se intuye la progresiva normalizaci\u00f3n del sector. El Covid-19 pas\u00f3 factura el a\u00f1o pasado cuando se perdi\u00f3 el 45% de la actividad respecto a la contrataci\u00f3n de 2019.<\/p>\n<p>En Lleida operar\u00e1n esta temporada 205 empresas de turismo activo y deportes de aventura -un 12% menos respecto al a\u00f1o 2019-. El Patronato de Turismo de la Diputaci\u00f3n de Lleida considera a este sector como estrat\u00e9gico, como lo son en invierno las estaciones de esqu\u00ed de la zona del Pirineo.<\/p>\n<p>El perfil del visitante de las actividades de turismo activo es el de un p\u00fablico de proximidad, b\u00e1sicamente de Catalu\u00f1a y en menos cantidad del resto de Espa\u00f1a. El p\u00fablico internacional ser\u00e1 muy residual este verano. El gasto medio global diario para un cliente que se desplaza a las comarcas de Lleida para practicar el turismo activo es de 167 \u20ac \/ d\u00eda (54,00 \u20ac para la actividad y 113,00 \u20ac para el alojamiento, las comidas y otros gastos).<\/p>\n<p>El Pallars Sobir\u00e0 es la comarca que concentra un mayor n\u00famero de empresas de turismo activo en la zona de los Pirineos, con 55, el Valle de Ar\u00e1n ocupa el segundo lugar con 23 empresas, seguida del Alt Urgell con 19, el Solson\u00e8s con 18, Alta Ribagor\u00e7a con 17, la Cerdanya leridana con 16 y el Pallars Juss\u00e0 con 14.<\/p>\n","protected":false},"excerpt":{"rendered":"<p>Las empresas de deportes de Aventura ubicadas en la provincia de Lleida conf\u00edan en superar este a\u00f1o los condicionantes de la pandemia e incrementar en un 25% la actividad del a\u00f1o 2020. Todo apunta a que la temporada puede funcionar bien. La nueva campa\u00f1a ha comenzado con muy buen ritmo. El Turismo Activo en el &hellip;<\/p>\n","protected":false},"author":408,"featured_media":0,"comment_status":"closed","ping_status":"open","sticky":false,"template":"","format":"standard","meta":[],"categories":[62,61],"tags":[],"_links":{"self":[{"href":"https:\/\/www.comunicatur.info\/es\/wp-json\/wp\/v2\/posts\/17063"}],"collection":[{"href":"https:\/\/www.comunicatur.info\/es\/wp-json\/wp\/v2\/posts"}],"about":[{"href":"https:\/\/www.comunicatur.info\/es\/wp-json\/wp\/v2\/types\/post"}],"author":[{"embeddable":true,"href":"https:\/\/www.comunicatur.info\/es\/wp-json\/wp\/v2\/users\/408"}],"replies":[{"embeddable":true,"href":"https:\/\/www.comunicatur.info\/es\/wp-json\/wp\/v2\/comments?post=17063"}],"version-history":[{"count":1,"href":"https:\/\/www.comunicatur.info\/es\/wp-json\/wp\/v2\/posts\/17063\/revisions"}],"predecessor-version":[{"id":17064,"href":"https:\/\/www.comunicatur.info\/es\/wp-json\/wp\/v2\/posts\/17063\/revisions\/17064"}],"wp:attachment":[{"href":"https:\/\/www.comunicatur.info\/es\/wp-json\/wp\/v2\/media?parent=17063"}],"wp:term":[{"taxonomy":"category","embeddable":true,"href":"https:\/\/www.comunicatur.info\/es\/wp-json\/wp\/v2\/categories?post=17063"},{"taxonomy":"post_tag","embeddable":true,"href":"https:\/\/www.comunicatur.info\/es\/wp-json\/wp\/v2\/tags?post=17063"}],"curies":[{"name":"wp","href":"https:\/\/api.w.org\/{rel}","templated":true}]}}