{"id":17046,"date":"2021-07-07T08:39:43","date_gmt":"2021-07-07T06:39:43","guid":{"rendered":"https:\/\/comunicatur.info\/?p=17046"},"modified":"2021-07-07T08:39:43","modified_gmt":"2021-07-07T06:39:43","slug":"cambiar-repentinamente-el-modelo-turistico-seria-perjudicial","status":"publish","type":"post","link":"https:\/\/www.comunicatur.info\/es\/cambiar-repentinamente-el-modelo-turistico-seria-perjudicial\/","title":{"rendered":"Cambiar repentinamente el modelo tur\u00edstico ser\u00eda perjudicial"},"content":{"rendered":"<p>El doctor en Econom\u00eda Andreu Mas-Colell ha vuelto a poner en valor la importancia de la industria tur\u00edstica y ha emitido sus propuestas sobre lo que se podr\u00eda hacer y lo que podr\u00eda ser un problema para el sector.<!--more--><\/p>\n<p><img class=\"alignright size-medium wp-image-15766\" src=\"https:\/\/www.comunicatur.info\/wp-content\/uploads\/2020\/10\/Mas-Colell_Andreu-300x190.jpg\" alt=\"\" width=\"300\" height=\"190\" srcset=\"https:\/\/www.comunicatur.info\/wp-content\/uploads\/2020\/10\/Mas-Colell_Andreu-300x190.jpg 300w, https:\/\/www.comunicatur.info\/wp-content\/uploads\/2020\/10\/Mas-Colell_Andreu-600x380.jpg 600w, https:\/\/www.comunicatur.info\/wp-content\/uploads\/2020\/10\/Mas-Colell_Andreu.jpg 649w\" sizes=\"(max-width: 300px) 100vw, 300px\" \/>Mas-Colell ha explicado que con el Covid-109 se ha producido un experimento natural. Y concreta: <strong><em>\u00abAhora sabemos qu\u00e9 pasar\u00eda si se eliminara el turismo de repente. Ser\u00eda un desastre econ\u00f3mico. Por lo tanto, a corto plazo lo que debemos desear y procurar es que los turistas vuelvan y que recuperen la situaci\u00f3n de antes de la pandemia.\u00bb<\/em><\/strong><\/p>\n<p>El reputado profesor, en un art\u00edculo de opini\u00f3n en el diario La Vanguardia, alerta que a pesar de que se hable de aprovechar la ocasi\u00f3n para cambiar el modelo productivo, existen muchos trabajadores que no son reconvertibles a los que se les deber\u00eda dar una alternativa. <strong><em>\u00abA la multitud de negocios que han sufrido con la pandemia no les podemos ofrecer la perspectiva de continuar sufriendo\u00bb<\/em><\/strong>, explica el economista, que dice que ser\u00eda lo que pasar\u00eda si quisi\u00e9ramos hacer este cambio de modelo.<\/p>\n<p>El turismo genera beneficios y costes y es imposible querer mantener todos los beneficios sin los costes, afirma. <strong><em>\u00abLo que tenemos que hacer es micro gestionar. Tenemos margen de mejora\u00bb<\/em><\/strong>, sentencia.<\/p>\n<p>As\u00ed pues, el profesor confirma que <strong><em>\u00abel turismo es un sector que debe seguir teniendo un papel importante en una econom\u00eda bien diversificada como la catalana\u00bb<\/em><\/strong> pero a\u00f1ade que en cambio <strong><em>\u00abno deber\u00eda convertirse en capital\u00bb<\/em><\/strong> y <strong><em>\u00abse deber\u00eda ir mejorando\u00bb<\/em><\/strong> esta dependencia que califica de <strong>\u00abal por mayor\u00bb<\/strong>.<\/p>\n<p>Mas-Colell defiende un tipo de visitante que a veces no es considerado turista, como por ejemplo los estudiantes, los que llegan para conferencias y congresos, para festivales o incluso los denominados <em>&#8216;n\u00f3madas digitales&#8217;<\/em>. Siguiendo con las predicciones de futuro y tendencias, el economista se atreve a predecir que <strong>\u00ablos visitantes del futuro ser\u00e1n m\u00e1s calmados; estar\u00e1n m\u00e1s tiempo en cada lugar\u00bb<\/strong>.<\/p>\n<p>En su art\u00edculo tambi\u00e9n aborda una de las problem\u00e1ticas que vive la ciudad de Barcelona como es la regulaci\u00f3n del alojamiento. En este sentido, considera que la industria hotelera y la de los pisos tur\u00edsticos deber\u00edan regularse conjuntamente mientras que considera que el alquiler de habitaciones en una vivienda habitual deber\u00eda estar fuera de posibles limitaciones o restricciones porque <strong>\u00abes una manera muy efectiva de dispersar las ganancias del turismo entre los ciudadanos\u00bb.<\/strong><\/p>\n<p>Aunque es consciente de que algunos act\u00faan de forma fraudulenta, haciendo pasar viviendas tur\u00edsticas por viviendas habituales para saltarse la normativa, es partidario de perseguirlo pero no de prohibirlo.<\/p>\n<p>Entre las recetas que propone Mas-Colell para una buena gesti\u00f3n del turismo est\u00e1 la creaci\u00f3n de nuevos destinos en el interior de Catalu\u00f1a donde no habr\u00e1 tanto conflicto con la poblaci\u00f3n, asignar franjas horarias para los turistas y para los locales, regular la tipolog\u00eda de comercios o utilizar tasas tur\u00edsticas para mejorar la calidad.<\/p>\n","protected":false},"excerpt":{"rendered":"<p>El doctor en Econom\u00eda Andreu Mas-Colell ha vuelto a poner en valor la importancia de la industria tur\u00edstica y ha emitido sus propuestas sobre lo que se podr\u00eda hacer y lo que podr\u00eda ser un problema para el sector. Mas-Colell ha explicado que con el Covid-109 se ha producido un experimento natural. Y concreta: \u00abAhora &hellip;<\/p>\n","protected":false},"author":408,"featured_media":0,"comment_status":"closed","ping_status":"open","sticky":false,"template":"","format":"standard","meta":[],"categories":[73,62,61],"tags":[],"_links":{"self":[{"href":"https:\/\/www.comunicatur.info\/es\/wp-json\/wp\/v2\/posts\/17046"}],"collection":[{"href":"https:\/\/www.comunicatur.info\/es\/wp-json\/wp\/v2\/posts"}],"about":[{"href":"https:\/\/www.comunicatur.info\/es\/wp-json\/wp\/v2\/types\/post"}],"author":[{"embeddable":true,"href":"https:\/\/www.comunicatur.info\/es\/wp-json\/wp\/v2\/users\/408"}],"replies":[{"embeddable":true,"href":"https:\/\/www.comunicatur.info\/es\/wp-json\/wp\/v2\/comments?post=17046"}],"version-history":[{"count":1,"href":"https:\/\/www.comunicatur.info\/es\/wp-json\/wp\/v2\/posts\/17046\/revisions"}],"predecessor-version":[{"id":17047,"href":"https:\/\/www.comunicatur.info\/es\/wp-json\/wp\/v2\/posts\/17046\/revisions\/17047"}],"wp:attachment":[{"href":"https:\/\/www.comunicatur.info\/es\/wp-json\/wp\/v2\/media?parent=17046"}],"wp:term":[{"taxonomy":"category","embeddable":true,"href":"https:\/\/www.comunicatur.info\/es\/wp-json\/wp\/v2\/categories?post=17046"},{"taxonomy":"post_tag","embeddable":true,"href":"https:\/\/www.comunicatur.info\/es\/wp-json\/wp\/v2\/tags?post=17046"}],"curies":[{"name":"wp","href":"https:\/\/api.w.org\/{rel}","templated":true}]}}