{"id":16982,"date":"2021-06-25T10:12:44","date_gmt":"2021-06-25T08:12:44","guid":{"rendered":"https:\/\/comunicatur.info\/?p=16982"},"modified":"2021-06-25T10:14:27","modified_gmt":"2021-06-25T08:14:27","slug":"el-semaforo-britanico-sigue-golpeando-los-destinos","status":"publish","type":"post","link":"https:\/\/www.comunicatur.info\/es\/el-semaforo-britanico-sigue-golpeando-los-destinos\/","title":{"rendered":"El sem\u00e1foro brit\u00e1nico sigue golpeando los destinos"},"content":{"rendered":"<p>Las autoridades brit\u00e1nicas han actualizado su sem\u00e1foro Covid para el 30 de junio y pr\u00e1cticamente mantienen las mismas limitaciones sobre los destinos. S\u00f3lo las Islas Baleares ha pasado a color verde, la situaci\u00f3n del resto sigue siendo de castigo.<!--more--><\/p>\n<p><img class=\"alignright size-medium wp-image-16979\" src=\"https:\/\/www.comunicatur.info\/wp-content\/uploads\/2021\/06\/platja_costa-300x166.jpg\" alt=\"\" width=\"300\" height=\"166\" srcset=\"https:\/\/www.comunicatur.info\/wp-content\/uploads\/2021\/06\/platja_costa-300x166.jpg 300w, https:\/\/www.comunicatur.info\/wp-content\/uploads\/2021\/06\/platja_costa-768x424.jpg 768w, https:\/\/www.comunicatur.info\/wp-content\/uploads\/2021\/06\/platja_costa-1024x566.jpg 1024w, https:\/\/www.comunicatur.info\/wp-content\/uploads\/2021\/06\/platja_costa-600x332.jpg 600w, https:\/\/www.comunicatur.info\/wp-content\/uploads\/2021\/06\/platja_costa.jpg 1600w\" sizes=\"(max-width: 300px) 100vw, 300px\" \/>El resto de Espa\u00f1a se mantiene en color naranja, por lo que obliga a los turistas a realizar una cuarentena de 10 d\u00edas a la vuelta al Reino Unido. Destinos como Catalu\u00f1a o Canarias se ver\u00e1n muy afectados. Establecimientos hoteleros que tienen a los turistas del Reino Unido como su principal cliente ven con preocupaci\u00f3n la temporada. Las previsiones optimistas de verano no se cumplir\u00e1n para ellos.<\/p>\n<p>Una posible f\u00f3rmula que puede aligerar este mal ser\u00eda que el gobierno brit\u00e1nico exima de las cuarentenas a sus nacionales que cuenten con la pauta de vacunaci\u00f3n. Como m\u00ednimo, un porcentaje importante de turistas se podr\u00edan recuperar, porque ahora el atractivo de viajar a destinos naranjas es pr\u00e1cticamente nulo.<\/p>\n<p>Por otra parte, est\u00e1n las reticencias de algunos pa\u00edses a recibir ciudadanos brit\u00e1nicos por miedo a la propagaci\u00f3n de la variante Delta del Covid. En Europa algunos estados mantienen vigentes las restricciones a los viajes no esenciales de los brit\u00e1nicos. No es el caso de Espa\u00f1a, que quiere transmitir mensajes positivos hacia este mercado.<\/p>\n<p>Las autoridades del Reino Unido, adem\u00e1s de Baleares, tambi\u00e9n han incorporado en la lista verde a Madeira, el Caribe, Barbados, Malta o Israel. En rojo hay destinos tur\u00edsticos importantes como son Turqu\u00eda, T\u00fanez o la Rep\u00fablica Dominicana.<\/p>\n","protected":false},"excerpt":{"rendered":"<p>Las autoridades brit\u00e1nicas han actualizado su sem\u00e1foro Covid para el 30 de junio y pr\u00e1cticamente mantienen las mismas limitaciones sobre los destinos. S\u00f3lo las Islas Baleares ha pasado a color verde, la situaci\u00f3n del resto sigue siendo de castigo. El resto de Espa\u00f1a se mantiene en color naranja, por lo que obliga a los turistas &hellip;<\/p>\n","protected":false},"author":408,"featured_media":0,"comment_status":"closed","ping_status":"open","sticky":false,"template":"","format":"standard","meta":[],"categories":[64],"tags":[],"_links":{"self":[{"href":"https:\/\/www.comunicatur.info\/es\/wp-json\/wp\/v2\/posts\/16982"}],"collection":[{"href":"https:\/\/www.comunicatur.info\/es\/wp-json\/wp\/v2\/posts"}],"about":[{"href":"https:\/\/www.comunicatur.info\/es\/wp-json\/wp\/v2\/types\/post"}],"author":[{"embeddable":true,"href":"https:\/\/www.comunicatur.info\/es\/wp-json\/wp\/v2\/users\/408"}],"replies":[{"embeddable":true,"href":"https:\/\/www.comunicatur.info\/es\/wp-json\/wp\/v2\/comments?post=16982"}],"version-history":[{"count":1,"href":"https:\/\/www.comunicatur.info\/es\/wp-json\/wp\/v2\/posts\/16982\/revisions"}],"predecessor-version":[{"id":16983,"href":"https:\/\/www.comunicatur.info\/es\/wp-json\/wp\/v2\/posts\/16982\/revisions\/16983"}],"wp:attachment":[{"href":"https:\/\/www.comunicatur.info\/es\/wp-json\/wp\/v2\/media?parent=16982"}],"wp:term":[{"taxonomy":"category","embeddable":true,"href":"https:\/\/www.comunicatur.info\/es\/wp-json\/wp\/v2\/categories?post=16982"},{"taxonomy":"post_tag","embeddable":true,"href":"https:\/\/www.comunicatur.info\/es\/wp-json\/wp\/v2\/tags?post=16982"}],"curies":[{"name":"wp","href":"https:\/\/api.w.org\/{rel}","templated":true}]}}