{"id":16928,"date":"2021-06-16T00:00:15","date_gmt":"2021-06-15T22:00:15","guid":{"rendered":"https:\/\/comunicatur.info\/?p=16928"},"modified":"2021-06-15T16:01:44","modified_gmt":"2021-06-15T14:01:44","slug":"el-forum-turistic-tratara-la-inteligencia-artificial-en-los-destinos-y-los-nomadas-digitales","status":"publish","type":"post","link":"https:\/\/www.comunicatur.info\/es\/el-forum-turistic-tratara-la-inteligencia-artificial-en-los-destinos-y-los-nomadas-digitales\/","title":{"rendered":"El Forum TurisTIC tratar\u00e1 la inteligencia artificial en los destinos y los n\u00f3madas digitales"},"content":{"rendered":"<p>La novena edici\u00f3n del <a href=\"https:\/\/www.forumturistic.com\" target=\"_blank\" rel=\"noopener\"><strong>Forum TurisTIC<\/strong><\/a> se celebrar\u00e1 el <strong>martes 22 de junio, en formato h\u00edbrido presencial (en el Recinto Modernista de Sant Pau de Barcelona) y en directo en <em>streaming<\/em>.<\/strong><!--more--><\/p>\n<p>El <strong>congreso analizar\u00e1 la situaci\u00f3n del sector despu\u00e9s de la pandemia<\/strong>; los nuevos modelos de negocio surgidos para hacer frente al freno del sector y las oportunidades que abren los fondos europeos Next Generation.<\/p>\n<p><img class=\"alignright size-medium wp-image-16929\" src=\"https:\/\/www.comunicatur.info\/wp-content\/uploads\/2021\/06\/Forumturistic2021_esp-290x300.jpg\" alt=\"\" width=\"290\" height=\"300\" srcset=\"https:\/\/www.comunicatur.info\/wp-content\/uploads\/2021\/06\/Forumturistic2021_esp-290x300.jpg 290w, https:\/\/www.comunicatur.info\/wp-content\/uploads\/2021\/06\/Forumturistic2021_esp.jpg 528w\" sizes=\"(max-width: 290px) 100vw, 290px\" \/>Pero tambi\u00e9n abrir\u00e1 nuevas ventanas en el \u00e1mbito de la tecnolog\u00eda aplicada al turismo, verdadera raz\u00f3n de ser del Forum desde sus or\u00edgenes. Y este a\u00f1o con mayor motivo, por cuanto el congreso se celebra en el marco de la semana dedicada al turismo y las TIC. <strong>En este apartado destacan dos l\u00edneas de trabajo: la gesti\u00f3n de los destinos mediante la inteligencia artificial y el nuevo nicho de mercado que representan los n\u00f3madas digitales <\/strong>surgidos con el teletrabajo y la nueva forma de pensar el trabajo por parte de las grandes y peque\u00f1as empresas.<\/p>\n<p>En la sesi\u00f3n de la ma\u00f1ana el Forum TurisTIC contar\u00e1 con una conferencia del escritor, asesor y experto internacional en inteligencia artificial, tecnolog\u00edas disruptivas y marketing digital <a href=\"https:\/\/www.linkedin.com\/in\/lasserouhiainen\/?originalSubdomain=es\" target=\"_blank\" rel=\"noopener\"><strong>Lasse Rouhiainen<\/strong><\/a>, que presentar\u00e1 <strong>las oportunidades que brinda la inteligencia artificial al sector tur\u00edstico.<\/strong> Despu\u00e9s intervendr\u00e1n diferentes expertos y habr\u00e1 un debate.<\/p>\n<p><strong>La sesi\u00f3n de la tarde, que ser\u00e1 \u00edntegramente en l\u00ednea acoger\u00e1 diversas presentaciones sobre la gesti\u00f3n de la vuelta<\/strong>, desde la captaci\u00f3n de los turistas hasta el control de flujos y la descongesti\u00f3n.<\/p>\n<p>Pod\u00e9is ver todo el programa del congreso <a href=\"https:\/\/cdn.eurecat.org\/PDF\/Forum%20Turistic%202021\/PROGRAMA_2021_CAST.pdf\" target=\"_blank\" rel=\"noopener\"><strong>AQU\u00cd<\/strong><\/a><strong>.<\/strong><\/p>\n<p>Otro punto importante del acontecimiento ser\u00e1 la presentaci\u00f3n de la nueva edici\u00f3n del programa <a href=\"https:\/\/startechtour-challenge-2020.b2match.io\/\" target=\"_blank\" rel=\"noopener\"><strong>Startechtour Challenge<\/strong><\/a> de la Agencia Catalana de Turismo, que tendr\u00e1 lugar en la sesi\u00f3n vespertina.<\/p>\n<p>La organizaci\u00f3n del Forum TurisTIC es a cargo del <a href=\"https:\/\/eurecat.org\/es\/\" target=\"_blank\" rel=\"noopener\"><strong>Centro Tecnol\u00f3gico de Catalu\u00f1a<\/strong>, <strong>Eurecat<\/strong><\/a>, que es el principal socio tecnol\u00f3gico de las empresas que trabajan en Catalu\u00f1a, siendo un puente entre el mundo de la investigaci\u00f3n aplicada y el tejido econ\u00f3mico.<\/p>\n<p>La inscripci\u00f3n al Forum es gratuita y pod\u00e9is acceder al formulario de inscripci\u00f3n <a href=\"https:\/\/www.forumturistic.com\/inscripciones\/\" target=\"_blank\" rel=\"noopener\"><strong>AQU\u00cd<\/strong><\/a>.<\/p>\n","protected":false},"excerpt":{"rendered":"<p>La novena edici\u00f3n del Forum TurisTIC se celebrar\u00e1 el martes 22 de junio, en formato h\u00edbrido presencial (en el Recinto Modernista de Sant Pau de Barcelona) y en directo en streaming. El congreso analizar\u00e1 la situaci\u00f3n del sector despu\u00e9s de la pandemia; los nuevos modelos de negocio surgidos para hacer frente al freno del sector &hellip;<\/p>\n","protected":false},"author":408,"featured_media":0,"comment_status":"closed","ping_status":"open","sticky":false,"template":"","format":"standard","meta":[],"categories":[63],"tags":[],"_links":{"self":[{"href":"https:\/\/www.comunicatur.info\/es\/wp-json\/wp\/v2\/posts\/16928"}],"collection":[{"href":"https:\/\/www.comunicatur.info\/es\/wp-json\/wp\/v2\/posts"}],"about":[{"href":"https:\/\/www.comunicatur.info\/es\/wp-json\/wp\/v2\/types\/post"}],"author":[{"embeddable":true,"href":"https:\/\/www.comunicatur.info\/es\/wp-json\/wp\/v2\/users\/408"}],"replies":[{"embeddable":true,"href":"https:\/\/www.comunicatur.info\/es\/wp-json\/wp\/v2\/comments?post=16928"}],"version-history":[{"count":4,"href":"https:\/\/www.comunicatur.info\/es\/wp-json\/wp\/v2\/posts\/16928\/revisions"}],"predecessor-version":[{"id":16936,"href":"https:\/\/www.comunicatur.info\/es\/wp-json\/wp\/v2\/posts\/16928\/revisions\/16936"}],"wp:attachment":[{"href":"https:\/\/www.comunicatur.info\/es\/wp-json\/wp\/v2\/media?parent=16928"}],"wp:term":[{"taxonomy":"category","embeddable":true,"href":"https:\/\/www.comunicatur.info\/es\/wp-json\/wp\/v2\/categories?post=16928"},{"taxonomy":"post_tag","embeddable":true,"href":"https:\/\/www.comunicatur.info\/es\/wp-json\/wp\/v2\/tags?post=16928"}],"curies":[{"name":"wp","href":"https:\/\/api.w.org\/{rel}","templated":true}]}}