{"id":16918,"date":"2021-06-15T11:15:51","date_gmt":"2021-06-15T09:15:51","guid":{"rendered":"https:\/\/comunicatur.info\/?p=16918"},"modified":"2021-06-15T11:46:40","modified_gmt":"2021-06-15T09:46:40","slug":"conoce-la-realidad-de-los-mercados-emisores-de-turismo","status":"publish","type":"post","link":"https:\/\/www.comunicatur.info\/es\/conoce-la-realidad-de-los-mercados-emisores-de-turismo\/","title":{"rendered":"Conoce la realidad de los mercados emisores de turismo"},"content":{"rendered":"<p><img class=\"alignright size-medium wp-image-16914\" src=\"https:\/\/www.comunicatur.info\/wp-content\/uploads\/2021\/06\/CATreStartTurisme2021-300x168.jpg\" alt=\"\" width=\"300\" height=\"168\" srcset=\"https:\/\/www.comunicatur.info\/wp-content\/uploads\/2021\/06\/CATreStartTurisme2021-300x168.jpg 300w, https:\/\/www.comunicatur.info\/wp-content\/uploads\/2021\/06\/CATreStartTurisme2021-600x335.jpg 600w, https:\/\/www.comunicatur.info\/wp-content\/uploads\/2021\/06\/CATreStartTurisme2021.jpg 680w\" sizes=\"(max-width: 300px) 100vw, 300px\" \/>Desde el 7 de junio los turistas pueden llegar a Espa\u00f1a sin restricci\u00f3n, tan solo, deben acreditar con un test de ant\u00edgenos que no est\u00e1n contagiados de Covid-19. Ante este nuevo escenario y a las puertas de una temporada de verano que se prev\u00e9 mejor que la de 2020 pero lejos de la de 2019, la Agencia Catalana de Turismo ha dado las claves de los mercados emisores de turismo.<!--more--><\/p>\n<p>Ha organizado la sesi\u00f3n \u00abCatalu\u00f1a Restart Turismo 2021\u00bb con los responsables de sus oficinas exteriores para conocer la situaci\u00f3n de la demanda tur\u00edstica.<\/p>\n<p>Puedes encontrar la informaci\u00f3n en el siguiente v\u00eddeo y seleccionar la tem\u00e1tica de la jornada seg\u00fan el inter\u00e9s en estos puntos: <a href=\"https:\/\/www.youtube.com\/watch?v=pJ1Bn-3iCcw&amp;t=0s\" target=\"_blank\" rel=\"noopener\">0:00<\/a> \u2013 Inicio &#8211; Indicadores clave para la reactivaci\u00f3n <a href=\"https:\/\/www.youtube.com\/watch?v=pJ1Bn-3iCcw&amp;t=991s\" target=\"_blank\" rel=\"noopener\">16:31<\/a> \u2013 Mesa Asia <a href=\"https:\/\/www.youtube.com\/watch?v=pJ1Bn-3iCcw&amp;t=3582s\" target=\"_blank\" rel=\"noopener\">59:42<\/a> \u2013 Mesa sur de Europa <a href=\"https:\/\/www.youtube.com\/watch?v=pJ1Bn-3iCcw&amp;t=5843s\" target=\"_blank\" rel=\"noopener\">1:37:23<\/a> \u2013 Mesa Norte de Europa <a href=\"https:\/\/www.youtube.com\/watch?v=pJ1Bn-3iCcw&amp;t=8194s\" target=\"_blank\" rel=\"noopener\">2:16:34<\/a> \u2013 Mesa Am\u00e9rica.<\/p>\n<p>&nbsp;<\/p>\n<p><iframe title=\"YouTube video player\" src=\"https:\/\/www.youtube.com\/embed\/pJ1Bn-3iCcw\" width=\"560\" height=\"315\" frameborder=\"0\" allowfullscreen=\"allowfullscreen\"><\/iframe><\/p>\n","protected":false},"excerpt":{"rendered":"<p>Desde el 7 de junio los turistas pueden llegar a Espa\u00f1a sin restricci\u00f3n, tan solo, deben acreditar con un test de ant\u00edgenos que no est\u00e1n contagiados de Covid-19. Ante este nuevo escenario y a las puertas de una temporada de verano que se prev\u00e9 mejor que la de 2020 pero lejos de la de 2019, &hellip;<\/p>\n","protected":false},"author":408,"featured_media":0,"comment_status":"closed","ping_status":"open","sticky":false,"template":"","format":"standard","meta":[],"categories":[64],"tags":[],"_links":{"self":[{"href":"https:\/\/www.comunicatur.info\/es\/wp-json\/wp\/v2\/posts\/16918"}],"collection":[{"href":"https:\/\/www.comunicatur.info\/es\/wp-json\/wp\/v2\/posts"}],"about":[{"href":"https:\/\/www.comunicatur.info\/es\/wp-json\/wp\/v2\/types\/post"}],"author":[{"embeddable":true,"href":"https:\/\/www.comunicatur.info\/es\/wp-json\/wp\/v2\/users\/408"}],"replies":[{"embeddable":true,"href":"https:\/\/www.comunicatur.info\/es\/wp-json\/wp\/v2\/comments?post=16918"}],"version-history":[{"count":1,"href":"https:\/\/www.comunicatur.info\/es\/wp-json\/wp\/v2\/posts\/16918\/revisions"}],"predecessor-version":[{"id":16919,"href":"https:\/\/www.comunicatur.info\/es\/wp-json\/wp\/v2\/posts\/16918\/revisions\/16919"}],"wp:attachment":[{"href":"https:\/\/www.comunicatur.info\/es\/wp-json\/wp\/v2\/media?parent=16918"}],"wp:term":[{"taxonomy":"category","embeddable":true,"href":"https:\/\/www.comunicatur.info\/es\/wp-json\/wp\/v2\/categories?post=16918"},{"taxonomy":"post_tag","embeddable":true,"href":"https:\/\/www.comunicatur.info\/es\/wp-json\/wp\/v2\/tags?post=16918"}],"curies":[{"name":"wp","href":"https:\/\/api.w.org\/{rel}","templated":true}]}}