{"id":16891,"date":"2021-06-08T00:00:59","date_gmt":"2021-06-07T22:00:59","guid":{"rendered":"https:\/\/comunicatur.info\/?p=16891"},"modified":"2021-06-07T19:20:58","modified_gmt":"2021-06-07T17:20:58","slug":"el-semaforo-turistico-del-reino-unido-limita-las-expectativas-de-recuperacion","status":"publish","type":"post","link":"https:\/\/www.comunicatur.info\/es\/el-semaforo-turistico-del-reino-unido-limita-las-expectativas-de-recuperacion\/","title":{"rendered":"El sem\u00e1foro tur\u00edstico del Reino Unido limita las expectativas de recuperaci\u00f3n"},"content":{"rendered":"<p>Espa\u00f1a y Portugal quedan penalizadas por las autoridades brit\u00e1nicas que desaconsejan el viaje a sus ciudadanos. Los sit\u00faa en color \u00e1mbar, como m\u00ednimo hasta el 24 de junio, lo que supone que los turistas de este pa\u00eds deben pasar una cuarentena a la vuelta a casa.<!--more--><\/p>\n<p><img class=\"alignright size-medium wp-image-16840\" src=\"https:\/\/www.comunicatur.info\/wp-content\/uploads\/2021\/05\/control_Covid_aeroport_passaport-300x225.jpg\" alt=\"\" width=\"300\" height=\"225\" srcset=\"https:\/\/www.comunicatur.info\/wp-content\/uploads\/2021\/05\/control_Covid_aeroport_passaport-300x225.jpg 300w, https:\/\/www.comunicatur.info\/wp-content\/uploads\/2021\/05\/control_Covid_aeroport_passaport-768x576.jpg 768w, https:\/\/www.comunicatur.info\/wp-content\/uploads\/2021\/05\/control_Covid_aeroport_passaport-1024x768.jpg 1024w, https:\/\/www.comunicatur.info\/wp-content\/uploads\/2021\/05\/control_Covid_aeroport_passaport-600x450.jpg 600w, https:\/\/www.comunicatur.info\/wp-content\/uploads\/2021\/05\/control_Covid_aeroport_passaport.jpg 2016w\" sizes=\"(max-width: 300px) 100vw, 300px\" \/>El sem\u00e1foro Covid del Reino Unido limita las previsiones de activaci\u00f3n previstas para este mes de junio. Hasta que no se consiga el color verde las llegadas de los brit\u00e1nicos no se normalizar\u00e1. Estaban depositadas buena parte de las esperanzas del verano al tener una afluencia muy importante de turistas del Reino Unido.<\/p>\n<p>La decisi\u00f3n del gobierno brit\u00e1nico de mantener un sem\u00e1foro por los viajes ha forzado a operadores de este mercado a cambiar tambi\u00e9n sus previsiones de vender paquetes a destinos que no est\u00e9n en color verde. Jet2, por ejemplo, ya ha anunciado que aplaza hasta el mes de julio el reinicio de sus operaciones con el dolor de cabeza que esto puede conllevar sobre clientes y agencias que ten\u00edan previsto comercializar con fecha de junio.<\/p>\n","protected":false},"excerpt":{"rendered":"<p>Espa\u00f1a y Portugal quedan penalizadas por las autoridades brit\u00e1nicas que desaconsejan el viaje a sus ciudadanos. Los sit\u00faa en color \u00e1mbar, como m\u00ednimo hasta el 24 de junio, lo que supone que los turistas de este pa\u00eds deben pasar una cuarentena a la vuelta a casa. El sem\u00e1foro Covid del Reino Unido limita las previsiones &hellip;<\/p>\n","protected":false},"author":408,"featured_media":0,"comment_status":"closed","ping_status":"open","sticky":false,"template":"","format":"standard","meta":[],"categories":[64],"tags":[],"_links":{"self":[{"href":"https:\/\/www.comunicatur.info\/es\/wp-json\/wp\/v2\/posts\/16891"}],"collection":[{"href":"https:\/\/www.comunicatur.info\/es\/wp-json\/wp\/v2\/posts"}],"about":[{"href":"https:\/\/www.comunicatur.info\/es\/wp-json\/wp\/v2\/types\/post"}],"author":[{"embeddable":true,"href":"https:\/\/www.comunicatur.info\/es\/wp-json\/wp\/v2\/users\/408"}],"replies":[{"embeddable":true,"href":"https:\/\/www.comunicatur.info\/es\/wp-json\/wp\/v2\/comments?post=16891"}],"version-history":[{"count":1,"href":"https:\/\/www.comunicatur.info\/es\/wp-json\/wp\/v2\/posts\/16891\/revisions"}],"predecessor-version":[{"id":16892,"href":"https:\/\/www.comunicatur.info\/es\/wp-json\/wp\/v2\/posts\/16891\/revisions\/16892"}],"wp:attachment":[{"href":"https:\/\/www.comunicatur.info\/es\/wp-json\/wp\/v2\/media?parent=16891"}],"wp:term":[{"taxonomy":"category","embeddable":true,"href":"https:\/\/www.comunicatur.info\/es\/wp-json\/wp\/v2\/categories?post=16891"},{"taxonomy":"post_tag","embeddable":true,"href":"https:\/\/www.comunicatur.info\/es\/wp-json\/wp\/v2\/tags?post=16891"}],"curies":[{"name":"wp","href":"https:\/\/api.w.org\/{rel}","templated":true}]}}