{"id":16887,"date":"2021-06-04T00:00:23","date_gmt":"2021-06-03T22:00:23","guid":{"rendered":"https:\/\/comunicatur.info\/?p=16887"},"modified":"2021-06-03T12:16:49","modified_gmt":"2021-06-03T10:16:49","slug":"los-cruceros-fuera-de-venecia","status":"publish","type":"post","link":"https:\/\/www.comunicatur.info\/es\/los-cruceros-fuera-de-venecia\/","title":{"rendered":"Los cruceros, fuera de Venecia"},"content":{"rendered":"<p>La pandemia est\u00e1 dejando im\u00e1genes sorprendentes de los destinos tur\u00edsticos m\u00e1s concurridos, ahora desiertos o solo con la afluencia de ciudadanos locales.<!--more--><\/p>\n<p><img class=\"alignright size-medium wp-image-16885\" src=\"https:\/\/www.comunicatur.info\/wp-content\/uploads\/2021\/06\/crucero_Vene-300x169.jpg\" alt=\"\" width=\"300\" height=\"169\" srcset=\"https:\/\/www.comunicatur.info\/wp-content\/uploads\/2021\/06\/crucero_Vene-300x169.jpg 300w, https:\/\/www.comunicatur.info\/wp-content\/uploads\/2021\/06\/crucero_Vene-768x432.jpg 768w, https:\/\/www.comunicatur.info\/wp-content\/uploads\/2021\/06\/crucero_Vene-1024x576.jpg 1024w, https:\/\/www.comunicatur.info\/wp-content\/uploads\/2021\/06\/crucero_Vene-600x338.jpg 600w, https:\/\/www.comunicatur.info\/wp-content\/uploads\/2021\/06\/crucero_Vene.jpg 1706w\" sizes=\"(max-width: 300px) 100vw, 300px\" \/>Pero el coronavirus desaparecer\u00e1 y dejar\u00e1 nuevamente paso a los viajeros en busca de descubrir lugares y experiencias tur\u00edsticas. Venecia, que ha sido un ejemplo en la \u00faltima d\u00e9cada de destino tur\u00edstico insostenible, ya ha conseguido algo que parec\u00eda imposible. El gobierno italiano ha aprobado la construcci\u00f3n de un puerto exterior a la laguna veneciana para que las embarcaciones de grandes dimensiones puedan atracar. Las im\u00e1genes de megacruceros muy cerca de la ciudad quedar\u00e1n en el recuerdo, o al menos ese es el objetivo.<\/p>\n<p>El impacto medioambiental y social que produce la masificaci\u00f3n tur\u00edstica en este enclave ha sido digna de estudio. \u00bfC\u00f3mo conjugar el positivo impacto econ\u00f3mico que genera la actividad tur\u00edstica en la ciudad con la fatiga social y el deterioro del destino?<\/p>\n<p>Casi 30 millones de turistas anuales para un espacio tan acotado como Venecia pone en riesgo su propio atractivo. Los cruceristas no dejar\u00e1n de visitar la ciudad, aunque atraquen a m\u00e1s distancia. Pero seguramente es un paso m\u00e1s que deb\u00eda tomar la administraci\u00f3n italiana, como cuando instal\u00f3 tornos para controlar el acceso a las zonas m\u00e1s concurridas.<\/p>\n","protected":false},"excerpt":{"rendered":"<p>La pandemia est\u00e1 dejando im\u00e1genes sorprendentes de los destinos tur\u00edsticos m\u00e1s concurridos, ahora desiertos o solo con la afluencia de ciudadanos locales. Pero el coronavirus desaparecer\u00e1 y dejar\u00e1 nuevamente paso a los viajeros en busca de descubrir lugares y experiencias tur\u00edsticas. Venecia, que ha sido un ejemplo en la \u00faltima d\u00e9cada de destino tur\u00edstico insostenible, &hellip;<\/p>\n","protected":false},"author":408,"featured_media":0,"comment_status":"closed","ping_status":"open","sticky":false,"template":"","format":"standard","meta":[],"categories":[65],"tags":[],"_links":{"self":[{"href":"https:\/\/www.comunicatur.info\/es\/wp-json\/wp\/v2\/posts\/16887"}],"collection":[{"href":"https:\/\/www.comunicatur.info\/es\/wp-json\/wp\/v2\/posts"}],"about":[{"href":"https:\/\/www.comunicatur.info\/es\/wp-json\/wp\/v2\/types\/post"}],"author":[{"embeddable":true,"href":"https:\/\/www.comunicatur.info\/es\/wp-json\/wp\/v2\/users\/408"}],"replies":[{"embeddable":true,"href":"https:\/\/www.comunicatur.info\/es\/wp-json\/wp\/v2\/comments?post=16887"}],"version-history":[{"count":1,"href":"https:\/\/www.comunicatur.info\/es\/wp-json\/wp\/v2\/posts\/16887\/revisions"}],"predecessor-version":[{"id":16888,"href":"https:\/\/www.comunicatur.info\/es\/wp-json\/wp\/v2\/posts\/16887\/revisions\/16888"}],"wp:attachment":[{"href":"https:\/\/www.comunicatur.info\/es\/wp-json\/wp\/v2\/media?parent=16887"}],"wp:term":[{"taxonomy":"category","embeddable":true,"href":"https:\/\/www.comunicatur.info\/es\/wp-json\/wp\/v2\/categories?post=16887"},{"taxonomy":"post_tag","embeddable":true,"href":"https:\/\/www.comunicatur.info\/es\/wp-json\/wp\/v2\/tags?post=16887"}],"curies":[{"name":"wp","href":"https:\/\/api.w.org\/{rel}","templated":true}]}}