{"id":16832,"date":"2021-05-24T17:57:18","date_gmt":"2021-05-24T15:57:18","guid":{"rendered":"https:\/\/comunicatur.info\/?p=16832"},"modified":"2021-05-24T17:57:18","modified_gmt":"2021-05-24T15:57:18","slug":"vale-la-pena-hacer-balance-de-fitur-2021","status":"publish","type":"post","link":"https:\/\/www.comunicatur.info\/es\/vale-la-pena-hacer-balance-de-fitur-2021\/","title":{"rendered":"Vale la pena hacer balance de Fitur 2021"},"content":{"rendered":"<p>La Feria internacional de turismo de Madrid, Fitur, hab\u00eda cambiado sus fechas habituales del mes de enero por las de mayo para sortear la crisis del COVID. La afluencia de profesionales y expositores no ha llegado ni a la mitad de un a\u00f1o convencional.<!--more--><\/p>\n<p><img class=\"alignright size-medium wp-image-16828\" src=\"https:\/\/www.comunicatur.info\/wp-content\/uploads\/2021\/05\/Fitur1-300x225.jpg\" alt=\"\" width=\"300\" height=\"225\" srcset=\"https:\/\/www.comunicatur.info\/wp-content\/uploads\/2021\/05\/Fitur1-300x225.jpg 300w, https:\/\/www.comunicatur.info\/wp-content\/uploads\/2021\/05\/Fitur1-768x576.jpg 768w, https:\/\/www.comunicatur.info\/wp-content\/uploads\/2021\/05\/Fitur1-1024x768.jpg 1024w, https:\/\/www.comunicatur.info\/wp-content\/uploads\/2021\/05\/Fitur1-600x450.jpg 600w, https:\/\/www.comunicatur.info\/wp-content\/uploads\/2021\/05\/Fitur1.jpg 2016w\" sizes=\"(max-width: 300px) 100vw, 300px\" \/>La superficie de exposici\u00f3n se ha reducido considerablemente, los estands han sido mucho m\u00e1s peque\u00f1os con pasillos amplios que disimulaban en lo posible esta reducci\u00f3n. El caso es que la feria se puede calificar como \u201cdescafeinada\u201d. Pero a pesar de ello, formalmente, el aspecto de Fitur ha sido el de una feria convencional con sus expositores, sus pabellones, sus alfombras y sus reuniones paralelas; pero tras la fachada impecable se encuentra un certamen fallido.<\/p>\n<p>Se han podido ver mostradores permanentemente vac\u00edos, mesas de trabajo infrautilizadas, agendas m\u00e1s que liberadas e incluso pocas colas en los espacios de restauraci\u00f3n, algo inimaginable en otras ocasiones. Fitur ha pinchado porque la mayor\u00eda de los profesionales no han acudido.<\/p>\n<p><img class=\"alignright size-medium wp-image-16830\" src=\"https:\/\/www.comunicatur.info\/wp-content\/uploads\/2021\/05\/Fitur3-300x225.jpg\" alt=\"\" width=\"300\" height=\"225\" srcset=\"https:\/\/www.comunicatur.info\/wp-content\/uploads\/2021\/05\/Fitur3-300x225.jpg 300w, https:\/\/www.comunicatur.info\/wp-content\/uploads\/2021\/05\/Fitur3-768x576.jpg 768w, https:\/\/www.comunicatur.info\/wp-content\/uploads\/2021\/05\/Fitur3-1024x768.jpg 1024w, https:\/\/www.comunicatur.info\/wp-content\/uploads\/2021\/05\/Fitur3-600x450.jpg 600w, https:\/\/www.comunicatur.info\/wp-content\/uploads\/2021\/05\/Fitur3.jpg 2016w\" sizes=\"(max-width: 300px) 100vw, 300px\" \/>Suponemos que nadie har\u00e1 un balance econ\u00f3mico de esta edici\u00f3n. Las administraciones p\u00fablicas, con sus presupuestos de promoci\u00f3n, han sostenido su presencia y han querido respaldar a la feria y enviar un mensaje de apoyo al sector tur\u00edstico. Mientras, el sector privado que no cuenta con el colch\u00f3n presupuestario de la administraci\u00f3n debe medir muy mucho sus inversiones. Y Fitur 2021 no la han considerado una inversi\u00f3n sino directamente un gasto.<\/p>\n<p>Con el a\u00f1o ya avanzado y la temporada tur\u00edstica a menos de dos semanas de comenzar no es factible trabajar las contrataciones. Los equipos comerciales de los turoperadores no se han prodigado mucho por los stands. Si ha tenido un valor esta feria ha sido la de recuperar la presencialidad, la de poder saludar algunos profesionales (de entre los pocos que han asistido) y la de prever que el pr\u00f3ximo a\u00f1o ser\u00e1 mejor que este. Fitur 2022 tendr\u00e1 mucho m\u00e1s sentido, esta edici\u00f3n, como los \u00faltimos 12 meses, mejor olvidarla.<\/p>\n","protected":false},"excerpt":{"rendered":"<p>La Feria internacional de turismo de Madrid, Fitur, hab\u00eda cambiado sus fechas habituales del mes de enero por las de mayo para sortear la crisis del COVID. La afluencia de profesionales y expositores no ha llegado ni a la mitad de un a\u00f1o convencional. La superficie de exposici\u00f3n se ha reducido considerablemente, los estands han &hellip;<\/p>\n","protected":false},"author":408,"featured_media":0,"comment_status":"closed","ping_status":"open","sticky":false,"template":"","format":"standard","meta":[],"categories":[63],"tags":[],"_links":{"self":[{"href":"https:\/\/www.comunicatur.info\/es\/wp-json\/wp\/v2\/posts\/16832"}],"collection":[{"href":"https:\/\/www.comunicatur.info\/es\/wp-json\/wp\/v2\/posts"}],"about":[{"href":"https:\/\/www.comunicatur.info\/es\/wp-json\/wp\/v2\/types\/post"}],"author":[{"embeddable":true,"href":"https:\/\/www.comunicatur.info\/es\/wp-json\/wp\/v2\/users\/408"}],"replies":[{"embeddable":true,"href":"https:\/\/www.comunicatur.info\/es\/wp-json\/wp\/v2\/comments?post=16832"}],"version-history":[{"count":1,"href":"https:\/\/www.comunicatur.info\/es\/wp-json\/wp\/v2\/posts\/16832\/revisions"}],"predecessor-version":[{"id":16833,"href":"https:\/\/www.comunicatur.info\/es\/wp-json\/wp\/v2\/posts\/16832\/revisions\/16833"}],"wp:attachment":[{"href":"https:\/\/www.comunicatur.info\/es\/wp-json\/wp\/v2\/media?parent=16832"}],"wp:term":[{"taxonomy":"category","embeddable":true,"href":"https:\/\/www.comunicatur.info\/es\/wp-json\/wp\/v2\/categories?post=16832"},{"taxonomy":"post_tag","embeddable":true,"href":"https:\/\/www.comunicatur.info\/es\/wp-json\/wp\/v2\/tags?post=16832"}],"curies":[{"name":"wp","href":"https:\/\/api.w.org\/{rel}","templated":true}]}}