{"id":16778,"date":"2021-05-12T00:00:29","date_gmt":"2021-05-11T22:00:29","guid":{"rendered":"https:\/\/comunicatur.info\/?p=16778"},"modified":"2021-05-12T08:33:29","modified_gmt":"2021-05-12T06:33:29","slug":"los-150-profesionales-mas-influyentes-del-turismo","status":"publish","type":"post","link":"https:\/\/www.comunicatur.info\/es\/los-150-profesionales-mas-influyentes-del-turismo\/","title":{"rendered":"Los 150 profesionales m\u00e1s influyentes del turismo"},"content":{"rendered":"<p>Sergestur edita por segundo a\u00f1o el listado con <a href=\"https:\/\/drive.google.com\/file\/d\/1LMnev6edhwMhOwXrH5rw7psBn0ECxbfK\/view?usp=sharing\" target=\"_blank\" rel=\"noopener noreferrer\">los 150 profesionales m\u00e1s influyentes del sector tur\u00edstico espa\u00f1ol.<\/a><!--more--><\/p>\n<p><img class=\"alignright size-medium wp-image-16773\" src=\"https:\/\/www.comunicatur.info\/wp-content\/uploads\/2021\/05\/logo-150-oficial..-1-300x135.jpg\" alt=\"\" width=\"300\" height=\"135\" srcset=\"https:\/\/www.comunicatur.info\/wp-content\/uploads\/2021\/05\/logo-150-oficial..-1-300x135.jpg 300w, https:\/\/www.comunicatur.info\/wp-content\/uploads\/2021\/05\/logo-150-oficial..-1-768x345.jpg 768w, https:\/\/www.comunicatur.info\/wp-content\/uploads\/2021\/05\/logo-150-oficial..-1-1024x460.jpg 1024w, https:\/\/www.comunicatur.info\/wp-content\/uploads\/2021\/05\/logo-150-oficial..-1-600x269.jpg 600w\" sizes=\"(max-width: 300px) 100vw, 300px\" \/>El listado resulta ser un pr\u00e1ctico <a href=\"https:\/\/drive.google.com\/file\/d\/1LMnev6edhwMhOwXrH5rw7psBn0ECxbfK\/view?usp=sharing\" target=\"_blank\" rel=\"noopener noreferrer\"><em>\u201cqui\u00e9n es qui\u00e9n\u201d<\/em><\/a> del mundo tur\u00edstico estatal, que pretende poner en valor el trabajo, experiencia, recorrido profesional y valor personal de los escogidos. As\u00ed mismo, los 150 incluidos abarcan pr\u00e1cticamente la totalidad del espectro de productos y servicios tur\u00edsticos del pa\u00eds, desde la movilidad a la oferta complementaria, pasando por el alojamiento, la intermediaci\u00f3n, el marketing y la comunicaci\u00f3n, la gesti\u00f3n cultural, la formaci\u00f3n o la gesti\u00f3n de destinos, entre otros.<\/p>\n<p><img class=\"alignright size-medium wp-image-16774\" src=\"https:\/\/www.comunicatur.info\/wp-content\/uploads\/2021\/05\/Jordi-Blanch-276x300.jpg\" alt=\"\" width=\"276\" height=\"300\" srcset=\"https:\/\/www.comunicatur.info\/wp-content\/uploads\/2021\/05\/Jordi-Blanch-276x300.jpg 276w, https:\/\/www.comunicatur.info\/wp-content\/uploads\/2021\/05\/Jordi-Blanch-768x836.jpg 768w, https:\/\/www.comunicatur.info\/wp-content\/uploads\/2021\/05\/Jordi-Blanch-600x653.jpg 600w, https:\/\/www.comunicatur.info\/wp-content\/uploads\/2021\/05\/Jordi-Blanch.jpg 900w\" sizes=\"(max-width: 276px) 100vw, 276px\" \/>Los criterios utilizados por Sergestur (empresa especializada en la gesti\u00f3n y el reposicionamiento de activos inmobiliarios en las Islas Canarias) para realizar la selecci\u00f3n han sido \u201csus aportaciones, por experiencia demostrada, \u00e9xitos\/logros profesionales reconocidos, conocimiento contrastado, casos de \u00e9xito, hechos realizados, comunicaci\u00f3n aportada, el carisma y el reconocimiento por parte de profesionales del sector\u201d.<\/p>\n<p>Cabe se\u00f1alar que, tambi\u00e9n por segundo a\u00f1o consecutivo, el director institucional de Comunicatur.info y consultor especializado en la gesti\u00f3n de destinos tur\u00edsticos, Jordi Blanch Capellades, forma parte del listado mencionado como uno de<a href=\"https:\/\/drive.google.com\/file\/d\/1LMnev6edhwMhOwXrH5rw7psBn0ECxbfK\/view?usp=sharing\" target=\"_blank\" rel=\"noopener noreferrer\"> los 150 profesionales m\u00e1s influyentes del sector tur\u00edstico.<\/a><\/p>\n","protected":false},"excerpt":{"rendered":"<p>Sergestur edita por segundo a\u00f1o el listado con los 150 profesionales m\u00e1s influyentes del sector tur\u00edstico espa\u00f1ol. El listado resulta ser un pr\u00e1ctico \u201cqui\u00e9n es qui\u00e9n\u201d del mundo tur\u00edstico estatal, que pretende poner en valor el trabajo, experiencia, recorrido profesional y valor personal de los escogidos. As\u00ed mismo, los 150 incluidos abarcan pr\u00e1cticamente la totalidad &hellip;<\/p>\n","protected":false},"author":408,"featured_media":0,"comment_status":"closed","ping_status":"open","sticky":false,"template":"","format":"standard","meta":[],"categories":[61],"tags":[],"_links":{"self":[{"href":"https:\/\/www.comunicatur.info\/es\/wp-json\/wp\/v2\/posts\/16778"}],"collection":[{"href":"https:\/\/www.comunicatur.info\/es\/wp-json\/wp\/v2\/posts"}],"about":[{"href":"https:\/\/www.comunicatur.info\/es\/wp-json\/wp\/v2\/types\/post"}],"author":[{"embeddable":true,"href":"https:\/\/www.comunicatur.info\/es\/wp-json\/wp\/v2\/users\/408"}],"replies":[{"embeddable":true,"href":"https:\/\/www.comunicatur.info\/es\/wp-json\/wp\/v2\/comments?post=16778"}],"version-history":[{"count":2,"href":"https:\/\/www.comunicatur.info\/es\/wp-json\/wp\/v2\/posts\/16778\/revisions"}],"predecessor-version":[{"id":16782,"href":"https:\/\/www.comunicatur.info\/es\/wp-json\/wp\/v2\/posts\/16778\/revisions\/16782"}],"wp:attachment":[{"href":"https:\/\/www.comunicatur.info\/es\/wp-json\/wp\/v2\/media?parent=16778"}],"wp:term":[{"taxonomy":"category","embeddable":true,"href":"https:\/\/www.comunicatur.info\/es\/wp-json\/wp\/v2\/categories?post=16778"},{"taxonomy":"post_tag","embeddable":true,"href":"https:\/\/www.comunicatur.info\/es\/wp-json\/wp\/v2\/tags?post=16778"}],"curies":[{"name":"wp","href":"https:\/\/api.w.org\/{rel}","templated":true}]}}