{"id":16754,"date":"2021-05-07T00:00:43","date_gmt":"2021-05-06T22:00:43","guid":{"rendered":"https:\/\/comunicatur.info\/?p=16754"},"modified":"2021-05-05T19:03:28","modified_gmt":"2021-05-05T17:03:28","slug":"abigail-garrido-alcaldesa-de-sant-pere-de-ribes-nueva-diputada-de-turismo-de-la-diba","status":"publish","type":"post","link":"https:\/\/www.comunicatur.info\/es\/abigail-garrido-alcaldesa-de-sant-pere-de-ribes-nueva-diputada-de-turismo-de-la-diba\/","title":{"rendered":"Abigail Garrido, alcaldesa de Sant Pere de Ribes, nueva diputada de Turismo de la DIBA"},"content":{"rendered":"<p>En el \u00faltimo pleno de <strong>la Diputaci\u00f3n de Barcelona la alcaldesa de Sant Pere de Ribes, Abigail Garrido, ha tomado posesi\u00f3n como nueva diputada<\/strong> del grupo socialista y acto seguido <strong>ha sido nombrada diputada de Turismo de la Diputaci\u00f3n<\/strong>, adscrita al \u00e1rea de Desarrollo Econ\u00f3mico, Turismo y Comercio.<!--more--><\/p>\n<p><img class=\"alignright size-medium wp-image-16752\" src=\"https:\/\/www.comunicatur.info\/wp-content\/uploads\/2021\/05\/Abigail-Garrido-238x300.jpg\" alt=\"\" width=\"238\" height=\"300\" srcset=\"https:\/\/www.comunicatur.info\/wp-content\/uploads\/2021\/05\/Abigail-Garrido-238x300.jpg 238w, https:\/\/www.comunicatur.info\/wp-content\/uploads\/2021\/05\/Abigail-Garrido.jpg 283w\" sizes=\"(max-width: 238px) 100vw, 238px\" \/>Garrido est\u00e1 adscrita al partido judicial de Vilanova i la Geltr\u00fa, el mismo de su antecesor en el cargo, Juan Lu\u00eds Ruiz.<\/p>\n<p><strong>Abigail Garrido<\/strong> (Vilanova i la Geltr\u00fa, 1961) es maestra de escuela de profesi\u00f3n. Entr\u00f3 en el ayuntamiento de Sant Pere de Ribes en 1999, como n\u00famero tres de la lista socialista, aunque como independiente. En la siguiente legislatura ya estaba afiliada al PSC. En el a\u00f1o 2015 pas\u00f3 a ser alcaldesa de Sant Pere de Ribes y ha ido renovando la confianza de sus habitantes hasta la actualidad, ya que <strong>ha sido reelegida para el mandato 2019-2023.<\/strong><\/p>\n<p>Entre sus responsabilidades de gobierno destacan las concejal\u00edas en los \u00e1mbitos de Urbanismo, Hacienda, V\u00eda P\u00fablica, Recursos Humanos, Desarrollo Econ\u00f3mico y Ocupaci\u00f3n y Gobernaci\u00f3n. <strong>Tambi\u00e9n ha sido presidenta del Consell Comarcal del Garraf desde 2019 hasta 2021.<\/strong><\/p>\n<p>Por su parte <strong>Juan Lu\u00eds Ruiz<\/strong> ha sido escogido Diputado del Parlamento de Catalu\u00f1a en las elecciones de febrero, lo que ha motivado que dejara de ser Diputado de Turismo en la Diputaci\u00f3n.<\/p>\n","protected":false},"excerpt":{"rendered":"<p>En el \u00faltimo pleno de la Diputaci\u00f3n de Barcelona la alcaldesa de Sant Pere de Ribes, Abigail Garrido, ha tomado posesi\u00f3n como nueva diputada del grupo socialista y acto seguido ha sido nombrada diputada de Turismo de la Diputaci\u00f3n, adscrita al \u00e1rea de Desarrollo Econ\u00f3mico, Turismo y Comercio. Garrido est\u00e1 adscrita al partido judicial de &hellip;<\/p>\n","protected":false},"author":408,"featured_media":0,"comment_status":"closed","ping_status":"open","sticky":false,"template":"","format":"standard","meta":[],"categories":[62],"tags":[],"_links":{"self":[{"href":"https:\/\/www.comunicatur.info\/es\/wp-json\/wp\/v2\/posts\/16754"}],"collection":[{"href":"https:\/\/www.comunicatur.info\/es\/wp-json\/wp\/v2\/posts"}],"about":[{"href":"https:\/\/www.comunicatur.info\/es\/wp-json\/wp\/v2\/types\/post"}],"author":[{"embeddable":true,"href":"https:\/\/www.comunicatur.info\/es\/wp-json\/wp\/v2\/users\/408"}],"replies":[{"embeddable":true,"href":"https:\/\/www.comunicatur.info\/es\/wp-json\/wp\/v2\/comments?post=16754"}],"version-history":[{"count":1,"href":"https:\/\/www.comunicatur.info\/es\/wp-json\/wp\/v2\/posts\/16754\/revisions"}],"predecessor-version":[{"id":16755,"href":"https:\/\/www.comunicatur.info\/es\/wp-json\/wp\/v2\/posts\/16754\/revisions\/16755"}],"wp:attachment":[{"href":"https:\/\/www.comunicatur.info\/es\/wp-json\/wp\/v2\/media?parent=16754"}],"wp:term":[{"taxonomy":"category","embeddable":true,"href":"https:\/\/www.comunicatur.info\/es\/wp-json\/wp\/v2\/categories?post=16754"},{"taxonomy":"post_tag","embeddable":true,"href":"https:\/\/www.comunicatur.info\/es\/wp-json\/wp\/v2\/tags?post=16754"}],"curies":[{"name":"wp","href":"https:\/\/api.w.org\/{rel}","templated":true}]}}