{"id":16742,"date":"2021-05-04T00:00:25","date_gmt":"2021-05-03T22:00:25","guid":{"rendered":"https:\/\/comunicatur.info\/?p=16742"},"modified":"2021-05-03T20:17:52","modified_gmt":"2021-05-03T18:17:52","slug":"las-previsiones-turisticas-para-este-verano-van-la-baja","status":"publish","type":"post","link":"https:\/\/www.comunicatur.info\/es\/las-previsiones-turisticas-para-este-verano-van-la-baja\/","title":{"rendered":"Las previsiones tur\u00edsticas para este verano van a la baja"},"content":{"rendered":"<p>La temporada de verano 2021 no recuperar\u00e1 los niveles anteriores a la pandemia. Los ingresos por turismo ser\u00e1n la mitad que los del 2019. El turista nacional interno ser\u00e1 quien salvar\u00e1 los muebles del sector.<!--more--><\/p>\n<p><img class=\"alignright size-medium wp-image-16597\" src=\"https:\/\/www.comunicatur.info\/wp-content\/uploads\/2021\/04\/SetmanaSanta_turistes-300x167.jpg\" alt=\"\" width=\"300\" height=\"167\" srcset=\"https:\/\/www.comunicatur.info\/wp-content\/uploads\/2021\/04\/SetmanaSanta_turistes-300x167.jpg 300w, https:\/\/www.comunicatur.info\/wp-content\/uploads\/2021\/04\/SetmanaSanta_turistes.jpg 386w\" sizes=\"(max-width: 300px) 100vw, 300px\" \/>El \u2018lobby\u2019 Exceltur ha rebajado las previsiones para los pr\u00f3ximos meses. Cifra la actividad tur\u00edstica en el 66% de la campa\u00f1a estival del 2019. Se recuperar\u00e1 con fuerza los viajes de los turistas espa\u00f1oles mientras que los turistas extranjeros llegar\u00e1n a medio gas.<\/p>\n<p>La demanda interna est\u00e1 llamada a recuperar y sustentar la actividad durante los meses de verano, al menos esta es la confianza del sector. El a\u00f1o 2021 se podr\u00eda cerrar con una ca\u00edda del 47% de los ingresos respecto al a\u00f1o anterior a la pandemia. Esto significar\u00eda que los ingresos totales por turismo ser\u00edan de 81.000 millones de euros.<\/p>\n<p>Las p\u00e9rdidas acumuladas en el sector tur\u00edstico espa\u00f1ol ascienden hasta los 116.000 millones de euros en los 12 meses de pandemia, seg\u00fan el lobby. Calculan que ahora hay 32.000 empresas tur\u00edsticas menos que antes de la crisis sanitaria. En este tiempo se han visto afectados por ERTE o por p\u00e9rdida de afiliaci\u00f3n al sector unos 800.000 trabajadores.<\/p>\n","protected":false},"excerpt":{"rendered":"<p>La temporada de verano 2021 no recuperar\u00e1 los niveles anteriores a la pandemia. Los ingresos por turismo ser\u00e1n la mitad que los del 2019. El turista nacional interno ser\u00e1 quien salvar\u00e1 los muebles del sector. El \u2018lobby\u2019 Exceltur ha rebajado las previsiones para los pr\u00f3ximos meses. Cifra la actividad tur\u00edstica en el 66% de la &hellip;<\/p>\n","protected":false},"author":408,"featured_media":0,"comment_status":"closed","ping_status":"open","sticky":false,"template":"","format":"standard","meta":[],"categories":[74],"tags":[],"_links":{"self":[{"href":"https:\/\/www.comunicatur.info\/es\/wp-json\/wp\/v2\/posts\/16742"}],"collection":[{"href":"https:\/\/www.comunicatur.info\/es\/wp-json\/wp\/v2\/posts"}],"about":[{"href":"https:\/\/www.comunicatur.info\/es\/wp-json\/wp\/v2\/types\/post"}],"author":[{"embeddable":true,"href":"https:\/\/www.comunicatur.info\/es\/wp-json\/wp\/v2\/users\/408"}],"replies":[{"embeddable":true,"href":"https:\/\/www.comunicatur.info\/es\/wp-json\/wp\/v2\/comments?post=16742"}],"version-history":[{"count":1,"href":"https:\/\/www.comunicatur.info\/es\/wp-json\/wp\/v2\/posts\/16742\/revisions"}],"predecessor-version":[{"id":16743,"href":"https:\/\/www.comunicatur.info\/es\/wp-json\/wp\/v2\/posts\/16742\/revisions\/16743"}],"wp:attachment":[{"href":"https:\/\/www.comunicatur.info\/es\/wp-json\/wp\/v2\/media?parent=16742"}],"wp:term":[{"taxonomy":"category","embeddable":true,"href":"https:\/\/www.comunicatur.info\/es\/wp-json\/wp\/v2\/categories?post=16742"},{"taxonomy":"post_tag","embeddable":true,"href":"https:\/\/www.comunicatur.info\/es\/wp-json\/wp\/v2\/tags?post=16742"}],"curies":[{"name":"wp","href":"https:\/\/api.w.org\/{rel}","templated":true}]}}