{"id":16726,"date":"2021-04-29T00:00:03","date_gmt":"2021-04-28T22:00:03","guid":{"rendered":"https:\/\/comunicatur.info\/?p=16726"},"modified":"2021-04-27T18:24:57","modified_gmt":"2021-04-27T16:24:57","slug":"la-diputacion-de-barcelona-nuevo-miembro-de-la-red-de-destinos-turisticos-inteligentes","status":"publish","type":"post","link":"https:\/\/www.comunicatur.info\/es\/la-diputacion-de-barcelona-nuevo-miembro-de-la-red-de-destinos-turisticos-inteligentes\/","title":{"rendered":"La Diputaci\u00f3n de Barcelona, nuevo miembro de la Red de Destinos Tur\u00edsticos Inteligentes"},"content":{"rendered":"<p><img class=\"alignright size-medium wp-image-16721\" src=\"https:\/\/www.comunicatur.info\/wp-content\/uploads\/2021\/04\/logo-reddti-300x125.png\" alt=\"\" width=\"300\" height=\"125\" srcset=\"https:\/\/www.comunicatur.info\/wp-content\/uploads\/2021\/04\/logo-reddti-300x125.png 300w, https:\/\/www.comunicatur.info\/wp-content\/uploads\/2021\/04\/logo-reddti.png 359w\" sizes=\"(max-width: 300px) 100vw, 300px\" \/>La Red de Destinos Tur\u00edsticos Inteligentes est\u00e1 coordinada por <strong>la Secretar\u00eda de Estado de Turismo<\/strong>, que lidera el proyecto y la Sociedad Estatal para la Gesti\u00f3n de la Innovaci\u00f3n y las Tecnolog\u00edas Tur\u00edsticas <strong>(SEGITTUR)<\/strong>, que la impulsa y gestiona.<!--more--><\/p>\n<p>La iniciativa surgi\u00f3 en el Plan Nacional e Integral de Turismo 2012-2015, con el objetivo de conseguir una r\u00e1pida incorporaci\u00f3n de temas innovadores a los destinos tur\u00edsticos. La Red, pero, no se constituy\u00f3 hasta febrero de 2019.<\/p>\n<p>El reto es conseguir una infraestructura tecnol\u00f3gica vanguardista <strong>que garantice el desarrollo sostenible del territorio, haci\u00e9ndolo accesible a todo el mundo.<\/strong> De este modo los visitantes pueden aumentar la integraci\u00f3n con el entorno, incrementar su experiencia y mejorar la calidad de vida de los residentes.<\/p>\n<p><img class=\"alignright size-medium wp-image-16722\" src=\"https:\/\/www.comunicatur.info\/wp-content\/uploads\/2021\/04\/dti-proceso-300x181.png\" alt=\"\" width=\"300\" height=\"181\" srcset=\"https:\/\/www.comunicatur.info\/wp-content\/uploads\/2021\/04\/dti-proceso-300x181.png 300w, https:\/\/www.comunicatur.info\/wp-content\/uploads\/2021\/04\/dti-proceso-768x464.png 768w, https:\/\/www.comunicatur.info\/wp-content\/uploads\/2021\/04\/dti-proceso-600x363.png 600w, https:\/\/www.comunicatur.info\/wp-content\/uploads\/2021\/04\/dti-proceso.png 885w\" sizes=\"(max-width: 300px) 100vw, 300px\" \/>En la \u00faltima Comisi\u00f3n Ejecutiva de la Red se ha aprobado la incorporaci\u00f3n de 19 nuevos destinos. Es en este marco que la Diputaci\u00f3n de Barcelona ha entrado a formar parte de la Red. <strong>Tambi\u00e9n la ciudad de Barcelona ha sido admitida. <\/strong>Ya hay dos municipios de la provincia de Barcelona que forman parte, <strong>Castelldefels y Santa Susanna<\/strong>, que son miembros desde el a\u00f1o 2019. En Catalu\u00f1a hay otros destinos adheridos a la Red, como Lloret de Mar, la Vall d\u2019Aran o Salou. En la actualidad la Red ya llega a 270 miembros, de los cuales 173 son destinos, 40 instituciones y 57 empresas.<\/p>\n<p><img class=\"alignright size-medium wp-image-16723\" src=\"https:\/\/www.comunicatur.info\/wp-content\/uploads\/2021\/04\/logos-destino-turistico-inteligente_logo-dti-e1521027741941-300x86.png\" alt=\"\" width=\"300\" height=\"86\" srcset=\"https:\/\/www.comunicatur.info\/wp-content\/uploads\/2021\/04\/logos-destino-turistico-inteligente_logo-dti-e1521027741941-300x86.png 300w, https:\/\/www.comunicatur.info\/wp-content\/uploads\/2021\/04\/logos-destino-turistico-inteligente_logo-dti-e1521027741941.png 324w\" sizes=\"(max-width: 300px) 100vw, 300px\" \/>Para obtener el distintivo de Destino Tur\u00edstico Inteligente, <strong>hay que seguir una metodolog\u00eda<\/strong> centrada en cinco ejes: gobernanza, innovaci\u00f3n, tecnolog\u00eda, sostenibilidad y accesibilidad. A partir de aqu\u00ed el proceso se divide en dos ciclos. El primero incluye un diagn\u00f3stico integral y planificaci\u00f3n del destino que lleva a dise\u00f1ar un plan de acci\u00f3n. El segundo ciclo es ya de ejecuci\u00f3n y seguimiento y es donde se materializan las acciones necesarias para conseguir la distinci\u00f3n de Destino Tur\u00edstico Inteligente.<\/p>\n<p>La adhesi\u00f3n de la Diputaci\u00f3n en esta Red se enmarca dentro de las acciones de la Diputaci\u00f3n destinadas a la mejora de la competitividad de los servicios y los destinos tur\u00edsticos de la provincia de Barcelona a trav\u00e9s de la implantaci\u00f3n de sistemas de turismo responsable bajo los principios de sostenibilidad medioambiental, econ\u00f3mica y sociocultural. <strong>Responde al Objetivo de Desarrollo Sostenible (ODS)<\/strong> n\u00famero 8 \u201cPromover el crecimiento econ\u00f3mico sostenido, inclusivo y sostenible, la ocupaci\u00f3n plena y productiva y el trabajo digno para todo el mundo\u201d y n\u00famero 11 \u201cConseguir que las ciudades y los asentamientos humanos sean inclusivos, seguros, resilientes y sostenibles\u201d.<\/p>\n<p><a href=\"http:\/\/www.destinosinteligentes.es\" target=\"_blank\" rel=\"noopener\"><strong><em>Quiero ver la web de Destinos Inteligentes<\/em><\/strong><\/a><\/p>\n","protected":false},"excerpt":{"rendered":"<p>La Red de Destinos Tur\u00edsticos Inteligentes est\u00e1 coordinada por la Secretar\u00eda de Estado de Turismo, que lidera el proyecto y la Sociedad Estatal para la Gesti\u00f3n de la Innovaci\u00f3n y las Tecnolog\u00edas Tur\u00edsticas (SEGITTUR), que la impulsa y gestiona. La iniciativa surgi\u00f3 en el Plan Nacional e Integral de Turismo 2012-2015, con el objetivo de &hellip;<\/p>\n","protected":false},"author":408,"featured_media":0,"comment_status":"closed","ping_status":"open","sticky":false,"template":"","format":"standard","meta":[],"categories":[62],"tags":[],"_links":{"self":[{"href":"https:\/\/www.comunicatur.info\/es\/wp-json\/wp\/v2\/posts\/16726"}],"collection":[{"href":"https:\/\/www.comunicatur.info\/es\/wp-json\/wp\/v2\/posts"}],"about":[{"href":"https:\/\/www.comunicatur.info\/es\/wp-json\/wp\/v2\/types\/post"}],"author":[{"embeddable":true,"href":"https:\/\/www.comunicatur.info\/es\/wp-json\/wp\/v2\/users\/408"}],"replies":[{"embeddable":true,"href":"https:\/\/www.comunicatur.info\/es\/wp-json\/wp\/v2\/comments?post=16726"}],"version-history":[{"count":1,"href":"https:\/\/www.comunicatur.info\/es\/wp-json\/wp\/v2\/posts\/16726\/revisions"}],"predecessor-version":[{"id":16727,"href":"https:\/\/www.comunicatur.info\/es\/wp-json\/wp\/v2\/posts\/16726\/revisions\/16727"}],"wp:attachment":[{"href":"https:\/\/www.comunicatur.info\/es\/wp-json\/wp\/v2\/media?parent=16726"}],"wp:term":[{"taxonomy":"category","embeddable":true,"href":"https:\/\/www.comunicatur.info\/es\/wp-json\/wp\/v2\/categories?post=16726"},{"taxonomy":"post_tag","embeddable":true,"href":"https:\/\/www.comunicatur.info\/es\/wp-json\/wp\/v2\/tags?post=16726"}],"curies":[{"name":"wp","href":"https:\/\/api.w.org\/{rel}","templated":true}]}}