{"id":16694,"date":"2021-04-22T00:00:51","date_gmt":"2021-04-21T22:00:51","guid":{"rendered":"https:\/\/comunicatur.info\/?p=16694"},"modified":"2021-04-19T17:08:20","modified_gmt":"2021-04-19T15:08:20","slug":"todo-va-mas-lento-de-lo-esperado","status":"publish","type":"post","link":"https:\/\/www.comunicatur.info\/es\/todo-va-mas-lento-de-lo-esperado\/","title":{"rendered":"Todo va m\u00e1s lento de lo esperado"},"content":{"rendered":"<p>La vuelta a la normalidad en los \u00e1mbitos social y econ\u00f3mico se alargar\u00e1 m\u00e1s de lo previsto y en el sector turismo a\u00fan m\u00e1s.<!--more--><\/p>\n<p>La noticia de las vacunas abri\u00f3 una puerta a la esperanza de recuperar en poco tiempo una situaci\u00f3n estable. Ahora con toda la maquinaria en marcha de vacunaci\u00f3n en los pa\u00edses del primer mundo, principales emisores de turismo internacional, y en plena ola del coronavirus la propia Organizaci\u00f3n Mundial de la Salud (OMS) ha advertido que esto va para largo. Los plazos no ser\u00e1n los que en el sector tur\u00edstico se barajan.<\/p>\n<p><img class=\"alignright size-medium wp-image-16605\" src=\"https:\/\/www.comunicatur.info\/wp-content\/uploads\/2021\/04\/vacuna_covid-300x187.jpg\" alt=\"\" width=\"300\" height=\"187\" srcset=\"https:\/\/www.comunicatur.info\/wp-content\/uploads\/2021\/04\/vacuna_covid-300x187.jpg 300w, https:\/\/www.comunicatur.info\/wp-content\/uploads\/2021\/04\/vacuna_covid.jpg 363w\" sizes=\"(max-width: 300px) 100vw, 300px\" \/>La OMS ha sido clara: no se conseguir\u00e1 la inmunidad colectiva en el 2021. Las campa\u00f1as de vacunaci\u00f3n se est\u00e1n acelerando, pero necesitan tiempo.<\/p>\n<p>Los responsables de la Organizaci\u00f3n Mundial de la Salud han pedido paciencia porque este a\u00f1o no se conseguir\u00e1 ning\u00fan nivel de inmunidad colectiva. Se trata de un mal augurio para el sector tur\u00edstico. Las autoridades sanitarias piden al conjunto de la sociedad que contin\u00faen tomando las precauciones contra el virus sin bajar la guardia. Al menos durante este a\u00f1o, nos obligan a reducir la movilidad y los viajes, la interacci\u00f3n social, al uso de mascarilla, a mantener la distancia f\u00edsica en los espacios comunes y a medidas de higiene especiales.<\/p>\n<p>La noticia positiva para el destino espa\u00f1ol es que el ritmo de vacunaci\u00f3n contra la COVID se ha acelerado. Espa\u00f1a es el cuarto pa\u00eds de Europa donde m\u00e1s vacunas se han administrado a la poblaci\u00f3n y entre los 10 primeros en todo el mundo. Es un primer paso necesario que permitir\u00eda transmitir un mensaje de destino seguro para los turistas.<\/p>\n<p>En este contexto, el presidente de la patronal CEOE, Antonio Garamendi, ha pedido para este verano focalizarse en el turismo interior i <a href=\"https:\/\/www.comunicatur.info\/es\/los-viajes-del-imserso-y-el-turista-senior-son-una-oportunidad-contra-la-covid\/\" target=\"_blank\" rel=\"noopener noreferrer\">teniendo en cuenta que la poblaci\u00f3n de mayor edad estar\u00e1 ya inmunizada por el proceso de vacunaci\u00f3n, apuesta por activar los viajes del Imserso.<\/a><\/p>\n","protected":false},"excerpt":{"rendered":"<p>La vuelta a la normalidad en los \u00e1mbitos social y econ\u00f3mico se alargar\u00e1 m\u00e1s de lo previsto y en el sector turismo a\u00fan m\u00e1s. La noticia de las vacunas abri\u00f3 una puerta a la esperanza de recuperar en poco tiempo una situaci\u00f3n estable. Ahora con toda la maquinaria en marcha de vacunaci\u00f3n en los pa\u00edses &hellip;<\/p>\n","protected":false},"author":408,"featured_media":0,"comment_status":"closed","ping_status":"open","sticky":false,"template":"","format":"standard","meta":[],"categories":[64],"tags":[],"_links":{"self":[{"href":"https:\/\/www.comunicatur.info\/es\/wp-json\/wp\/v2\/posts\/16694"}],"collection":[{"href":"https:\/\/www.comunicatur.info\/es\/wp-json\/wp\/v2\/posts"}],"about":[{"href":"https:\/\/www.comunicatur.info\/es\/wp-json\/wp\/v2\/types\/post"}],"author":[{"embeddable":true,"href":"https:\/\/www.comunicatur.info\/es\/wp-json\/wp\/v2\/users\/408"}],"replies":[{"embeddable":true,"href":"https:\/\/www.comunicatur.info\/es\/wp-json\/wp\/v2\/comments?post=16694"}],"version-history":[{"count":2,"href":"https:\/\/www.comunicatur.info\/es\/wp-json\/wp\/v2\/posts\/16694\/revisions"}],"predecessor-version":[{"id":16696,"href":"https:\/\/www.comunicatur.info\/es\/wp-json\/wp\/v2\/posts\/16694\/revisions\/16696"}],"wp:attachment":[{"href":"https:\/\/www.comunicatur.info\/es\/wp-json\/wp\/v2\/media?parent=16694"}],"wp:term":[{"taxonomy":"category","embeddable":true,"href":"https:\/\/www.comunicatur.info\/es\/wp-json\/wp\/v2\/categories?post=16694"},{"taxonomy":"post_tag","embeddable":true,"href":"https:\/\/www.comunicatur.info\/es\/wp-json\/wp\/v2\/tags?post=16694"}],"curies":[{"name":"wp","href":"https:\/\/api.w.org\/{rel}","templated":true}]}}