{"id":16688,"date":"2021-04-21T00:00:52","date_gmt":"2021-04-20T22:00:52","guid":{"rendered":"https:\/\/comunicatur.info\/?p=16688"},"modified":"2021-04-19T15:27:59","modified_gmt":"2021-04-19T13:27:59","slug":"los-lugares-mas-emblematicos-de-cataluna-ponen-limites-al-turismo","status":"publish","type":"post","link":"https:\/\/www.comunicatur.info\/es\/los-lugares-mas-emblematicos-de-cataluna-ponen-limites-al-turismo\/","title":{"rendered":"Los lugares m\u00e1s emblem\u00e1ticos de Catalu\u00f1a ponen l\u00edmites al turismo"},"content":{"rendered":"<p>La afluencia de turistas locales durante el periodo de pandemia ha generado situaciones de saturaci\u00f3n en los espacios naturales m\u00e1s concurridos de Catalu\u00f1a. Las administraciones locales, que siempre hab\u00edan visto la actividad tur\u00edstica como una oportunidad para el desarrollo econ\u00f3mico de sus territorios, ahora imponen restricciones.<!--more--><\/p>\n<p>El turismo empieza a verse como un problema en los cuatro puntos cardinales de la geograf\u00eda catalana. Como medida correctora, para hacerlo sostenible, espacios emblem\u00e1ticos como el Trabucador en el Delta del Ebro, la Pica de Estats en el Pirineo, el desfiladero de Mont-rebei en Lleida o la Vall d&#8217;en Bas en la Garrotxa (Girona) han decidido gestionar los flujos tur\u00edsticos con medidas que quieren limitar la llegada de turistas.<\/p>\n<p><img class=\"alignright size-medium wp-image-15385\" src=\"https:\/\/www.comunicatur.info\/wp-content\/uploads\/2020\/07\/Lleida_congost-300x200.jpg\" alt=\"\" width=\"300\" height=\"200\" srcset=\"https:\/\/www.comunicatur.info\/wp-content\/uploads\/2020\/07\/Lleida_congost-300x200.jpg 300w, https:\/\/www.comunicatur.info\/wp-content\/uploads\/2020\/07\/Lleida_congost-768x512.jpg 768w, https:\/\/www.comunicatur.info\/wp-content\/uploads\/2020\/07\/Lleida_congost-600x400.jpg 600w, https:\/\/www.comunicatur.info\/wp-content\/uploads\/2020\/07\/Lleida_congost.jpg 900w\" sizes=\"(max-width: 300px) 100vw, 300px\" \/>Unos de los parajes m\u00e1s fotografiados o &#8216;instagrameados&#8217; de Catalu\u00f1a y Arag\u00f3n es el desfiladero de Mont-rebei (Lleida &#8211; Huesca). Miles de personas lo buscan atra\u00eddos por un paisaje que ha crecido en popularidad de forma exponencial. La presencia de visitantes ha provocado situaciones de riesgo con aludes de rocas. La saturaci\u00f3n del embalse de Canelles y el desfiladero ha obligado a las autoridades catalanas y aragonesas a establecer una estrategia com\u00fan para gestionarlo de manera sostenible. Se han visto obligadas a redactar un plan de usos que preserve el espacio natural y lo compatibilice con la positiva repercusi\u00f3n econ\u00f3mica que tiene sobre la comarca y de la que no quieren prescindir.<\/p>\n<p><img class=\"alignright size-medium wp-image-12720\" src=\"https:\/\/www.comunicatur.info\/wp-content\/uploads\/2018\/09\/deltacleta-300x179.jpg\" alt=\"\" width=\"300\" height=\"179\" srcset=\"https:\/\/www.comunicatur.info\/wp-content\/uploads\/2018\/09\/deltacleta-300x179.jpg 300w, https:\/\/www.comunicatur.info\/wp-content\/uploads\/2018\/09\/deltacleta-768x457.jpg 768w, https:\/\/www.comunicatur.info\/wp-content\/uploads\/2018\/09\/deltacleta-600x357.jpg 600w, https:\/\/www.comunicatur.info\/wp-content\/uploads\/2018\/09\/deltacleta.jpg 1008w\" sizes=\"(max-width: 300px) 100vw, 300px\" \/>Al sur de Catalu\u00f1a, el Ayuntamiento de la R\u00e1pita ha decidido regular el acceso a la zona del Trabucador, en el Delta del Ebro. Los meses de julio y agosto, el aparcamiento ser\u00e1 de pago. La medida quiere ordenar el excesivo incremento de veh\u00edculos que est\u00e1n llevando una gran afluencia de visitantes. Lo han anunciado como una prueba piloto pero la realidad es que la tasa supone una nueva manera de gestionar el territorio. La recaudaci\u00f3n est\u00e1 ligada a la instalaci\u00f3n de un control de acceso y a nuevos servicios, pero sobre todo a la preservaci\u00f3n del espacio natural. Las autocaravanas deber\u00e1n satisfacer 8 euros para entrar, los veh\u00edculos 5 euros y las motocicletas 3 euros.<\/p>\n<p><img class=\"alignright size-medium wp-image-16685\" src=\"https:\/\/www.comunicatur.info\/wp-content\/uploads\/2021\/04\/Pica_Estats_Pirineus-300x200.jpg\" alt=\"\" width=\"300\" height=\"200\" srcset=\"https:\/\/www.comunicatur.info\/wp-content\/uploads\/2021\/04\/Pica_Estats_Pirineus-300x200.jpg 300w, https:\/\/www.comunicatur.info\/wp-content\/uploads\/2021\/04\/Pica_Estats_Pirineus-768x512.jpg 768w, https:\/\/www.comunicatur.info\/wp-content\/uploads\/2021\/04\/Pica_Estats_Pirineus-1024x683.jpg 1024w, https:\/\/www.comunicatur.info\/wp-content\/uploads\/2021\/04\/Pica_Estats_Pirineus-600x400.jpg 600w, https:\/\/www.comunicatur.info\/wp-content\/uploads\/2021\/04\/Pica_Estats_Pirineus.jpg 1600w\" sizes=\"(max-width: 300px) 100vw, 300px\" \/>En la misma l\u00ednea, los responsables del Parque Natural del Alto Pirineo quieren evitar las aglomeraciones en verano en torno a la Pica de Estats. Los excursionistas que quieran llegar a la zona, a partir de agosto, deber\u00e1n hacer reserva previa por internet para acceder a los parkings de la Vall Ferrera. El estacionamiento del veh\u00edculo costar\u00e1 5 euros por d\u00eda y el acceso al camino dispondr\u00e1 de una barrera y un lector de matr\u00edculas que dar\u00e1 paso a los coches registrados. El verano pasado, en plena pandemia, los turistas se incrementaron un 25% respecto al 2019. Fueron casi 370.000 personas las que generaron una sensaci\u00f3n de colapso de este espacio natural.<\/p>\n<p>Tambi\u00e9n la Vall de Bas en la Garrotxa (provincia de Girona) es un ejemplo de espacio natural muy visitado que ha requerido de una gesti\u00f3n especial para garantizar la sostenibilidad del atractivo. El Ayuntamiento de la Vall d&#8217;en Bas ha actuado para controlar las pozas y los espacios naturales y para regularizar las visitas de autocaravanas con un parking espec\u00edfico.<\/p>\n","protected":false},"excerpt":{"rendered":"<p>La afluencia de turistas locales durante el periodo de pandemia ha generado situaciones de saturaci\u00f3n en los espacios naturales m\u00e1s concurridos de Catalu\u00f1a. Las administraciones locales, que siempre hab\u00edan visto la actividad tur\u00edstica como una oportunidad para el desarrollo econ\u00f3mico de sus territorios, ahora imponen restricciones. El turismo empieza a verse como un problema en &hellip;<\/p>\n","protected":false},"author":408,"featured_media":0,"comment_status":"closed","ping_status":"open","sticky":false,"template":"","format":"standard","meta":[],"categories":[62],"tags":[],"_links":{"self":[{"href":"https:\/\/www.comunicatur.info\/es\/wp-json\/wp\/v2\/posts\/16688"}],"collection":[{"href":"https:\/\/www.comunicatur.info\/es\/wp-json\/wp\/v2\/posts"}],"about":[{"href":"https:\/\/www.comunicatur.info\/es\/wp-json\/wp\/v2\/types\/post"}],"author":[{"embeddable":true,"href":"https:\/\/www.comunicatur.info\/es\/wp-json\/wp\/v2\/users\/408"}],"replies":[{"embeddable":true,"href":"https:\/\/www.comunicatur.info\/es\/wp-json\/wp\/v2\/comments?post=16688"}],"version-history":[{"count":1,"href":"https:\/\/www.comunicatur.info\/es\/wp-json\/wp\/v2\/posts\/16688\/revisions"}],"predecessor-version":[{"id":16689,"href":"https:\/\/www.comunicatur.info\/es\/wp-json\/wp\/v2\/posts\/16688\/revisions\/16689"}],"wp:attachment":[{"href":"https:\/\/www.comunicatur.info\/es\/wp-json\/wp\/v2\/media?parent=16688"}],"wp:term":[{"taxonomy":"category","embeddable":true,"href":"https:\/\/www.comunicatur.info\/es\/wp-json\/wp\/v2\/categories?post=16688"},{"taxonomy":"post_tag","embeddable":true,"href":"https:\/\/www.comunicatur.info\/es\/wp-json\/wp\/v2\/tags?post=16688"}],"curies":[{"name":"wp","href":"https:\/\/api.w.org\/{rel}","templated":true}]}}