{"id":16679,"date":"2021-04-20T00:00:02","date_gmt":"2021-04-19T22:00:02","guid":{"rendered":"https:\/\/comunicatur.info\/?p=16679"},"modified":"2021-04-18T11:38:28","modified_gmt":"2021-04-18T09:38:28","slug":"el-valles-oriental-avanza-en-la-distincion-biosphere-y-aumenta-los-puntos-de-informacion-turistica-ambos-iniciativa-de-la-diputacion-de-barcelona","status":"publish","type":"post","link":"https:\/\/www.comunicatur.info\/es\/el-valles-oriental-avanza-en-la-distincion-biosphere-y-aumenta-los-puntos-de-informacion-turistica-ambos-iniciativa-de-la-diputacion-de-barcelona\/","title":{"rendered":"El Vall\u00e8s Oriental avanza en la distinci\u00f3n Biosphere y aumenta los Puntos de Informaci\u00f3n Tur\u00edstica, ambos a iniciativa de la Diputaci\u00f3n de Barcelona"},"content":{"rendered":"<p>La <strong>Jornada TurismeVall\u00e8s<\/strong>, un encuentro anual de intercambio de experiencias entre sector p\u00fablico y privado del Vall\u00e8s Oriental, se ha celebrado este a\u00f1o en formato virtual. Adem\u00e1s de presentarse el Plan de Acci\u00f3n 2021, la jornada ha sido un reconocimiento a diversas entidades de la comarca.<!--more--><\/p>\n<p><img class=\"alignright size-full wp-image-16675\" src=\"https:\/\/www.comunicatur.info\/wp-content\/uploads\/2021\/04\/Jornada_TurismeValles_baixa.jpg\" alt=\"\" width=\"283\" height=\"189\" \/>Lo m\u00e1s significativo ha sido <strong>que 43 empresas del sector tur\u00edstico (29 privadas y 14 p\u00fablicas) han recibido el distintivo Biosphere 2020<\/strong>, cinco m\u00e1s que en el a\u00f1o 2019. Tal y como es conocido, se trata de reconocer las buenas pr\u00e1cticas en gesti\u00f3n sostenible de las empresas tur\u00edsticas y servicios, bas\u00e1ndose en los 17 Objetivos de Desarrollo Sostenible de Naciones Unidas.<br \/>\nPod\u00e9is ver m\u00e1s informaci\u00f3n al respecto <a href=\"https:\/\/www.comunicatur.info\/es\/la-certificacion-biosphere-una-necesidad-para-todo-el-mundo-turistico\/\"><strong>AQU\u00cd<\/strong><\/a><strong>.<\/strong><\/p>\n<p>El distintivo Biosphere, que impulsan la Diputaci\u00f3n de Barcelona y la C\u00e1mara de Comercio, cuenta tambi\u00e9n con el apoyo del Instituto de Turismo Responsable y de los entes comarcales. En el caso del Consell Comarcal del Vall\u00e8s Oriental, es quien gestiona el distintivo.<\/p>\n<p>Este a\u00f1o todav\u00eda se espera una implantaci\u00f3n mayor gracias <strong>a los fondos de recuperaci\u00f3n Next Generation de la Uni\u00f3n Europea,<\/strong> pensados para reparar los efectos econ\u00f3micos, sociales y sanitarios de la pandemia. As\u00ed lo destac\u00f3 <strong>Eva Menor<\/strong>, diputada de Desarrollo Econ\u00f3mico, Turismo y Comercio de la Diputaci\u00f3n de Barcelona, que en su intervenci\u00f3n dijo que <strong>\u201ccon los fondos Next Generation tenemos una gran oportunidad para dar un salto hacia adelante; mejorando el producto tur\u00edstico vinculado con la naturaleza, implantando la eficiencia energ\u00e9tica as\u00ed como las energ\u00edas alternativas para mejorar la movilidad sostenible; digitalizando las empresas y los servicios tur\u00edsticos para llegar mejor a la demanda\u201d<\/strong>.<\/p>\n<p>En 2020 se distinguieron 413 empresas, servicios y destinos de once comarcas de la provincia de Barcelona. Para este 2021 ya se han adherido 572 empresas, que van a trabajar para conseguir la distinci\u00f3n.<\/p>\n<p>En la misma jornada se reconoci\u00f3 tambi\u00e9n a <strong>34 establecimientos<\/strong> de la comarca que han conseguido <strong>el certificado para ser Punto de Informaci\u00f3n Tur\u00edstica (PIT)<\/strong>. Se trata de un programa impulsado por Turismo de la Diputaci\u00f3n de Barcelona que tiene por objetivo dotar a las comarcas de un mayor n\u00famero de puntos de informaci\u00f3n tur\u00edstica. Para llevarlo a cabo se dota a las empresas y servicios certificados de las herramientas necesarias para informar, orientar y acompa\u00f1ar a los visitantes.<\/p>\n<p>En 2020 se acreditaron 521 empresas o servicios y para este a\u00f1o el programa ya cuenta con 550 empresas o servicios inscritos.<\/p>\n","protected":false},"excerpt":{"rendered":"<p>La Jornada TurismeVall\u00e8s, un encuentro anual de intercambio de experiencias entre sector p\u00fablico y privado del Vall\u00e8s Oriental, se ha celebrado este a\u00f1o en formato virtual. Adem\u00e1s de presentarse el Plan de Acci\u00f3n 2021, la jornada ha sido un reconocimiento a diversas entidades de la comarca. Lo m\u00e1s significativo ha sido que 43 empresas del &hellip;<\/p>\n","protected":false},"author":408,"featured_media":0,"comment_status":"closed","ping_status":"open","sticky":false,"template":"","format":"standard","meta":[],"categories":[62],"tags":[],"_links":{"self":[{"href":"https:\/\/www.comunicatur.info\/es\/wp-json\/wp\/v2\/posts\/16679"}],"collection":[{"href":"https:\/\/www.comunicatur.info\/es\/wp-json\/wp\/v2\/posts"}],"about":[{"href":"https:\/\/www.comunicatur.info\/es\/wp-json\/wp\/v2\/types\/post"}],"author":[{"embeddable":true,"href":"https:\/\/www.comunicatur.info\/es\/wp-json\/wp\/v2\/users\/408"}],"replies":[{"embeddable":true,"href":"https:\/\/www.comunicatur.info\/es\/wp-json\/wp\/v2\/comments?post=16679"}],"version-history":[{"count":2,"href":"https:\/\/www.comunicatur.info\/es\/wp-json\/wp\/v2\/posts\/16679\/revisions"}],"predecessor-version":[{"id":16681,"href":"https:\/\/www.comunicatur.info\/es\/wp-json\/wp\/v2\/posts\/16679\/revisions\/16681"}],"wp:attachment":[{"href":"https:\/\/www.comunicatur.info\/es\/wp-json\/wp\/v2\/media?parent=16679"}],"wp:term":[{"taxonomy":"category","embeddable":true,"href":"https:\/\/www.comunicatur.info\/es\/wp-json\/wp\/v2\/categories?post=16679"},{"taxonomy":"post_tag","embeddable":true,"href":"https:\/\/www.comunicatur.info\/es\/wp-json\/wp\/v2\/tags?post=16679"}],"curies":[{"name":"wp","href":"https:\/\/api.w.org\/{rel}","templated":true}]}}